{"id":82481,"date":"2025-02-03T13:05:12","date_gmt":"2025-02-03T12:05:12","guid":{"rendered":"https:\/\/blog.bluebeam.com\/de\/?p=82481"},"modified":"2025-02-03T13:05:14","modified_gmt":"2025-02-03T12:05:14","slug":"notre-dame-reconstruction","status":"publish","type":"post","link":"https:\/\/blog.bluebeam.com\/de\/notre-dame-reconstruction\/","title":{"rendered":"Einblick in die Kathedrale Notre-Dame: F\u00fcnf Jahre Restaurierung nach dem verheerenden Brand"},"content":{"rendered":"\n<p class=\"has-drop-cap\">Am 15. April 2019 hielt die Welt den Atem an, als die Kathedrale Notre-Dame in Paris in Flammen aufging, die ihr altes Holzdach in Schutt und Asche legten und ihre charakteristische Turmspitze zum Einsturz brachten \u2013 ein verheerender Schlag f\u00fcr einen der wertvollsten architektonischen Sch\u00e4tze der Menschheit.<\/p>\n\n\n\n<p>In den Tagen nach der Katastrophe versprach der franz\u00f6sische Pr\u00e4sident Emmanuel Macron, das gotische Meisterwerk innerhalb von f\u00fcnf Jahren originalgetreu restaurieren zu lassen \u2013 eine scheinbar unm\u00f6gliche Aufgabe. Am 8. Dezember 2024 wurde Notre-Dame nach einem halben Jahrzehnt intensiver Restaurierungsarbeiten, an denen mehr als 2.000 Fachkr\u00e4fte beteiligt waren, wieder f\u00fcr Gl\u00e4ubige und Besucher ge\u00f6ffnet und steht nun erneut als Symbol f\u00fcr Widerstandsf\u00e4higkeit und menschlichen Einfallsreichtum.<\/p>\n\n\n\n<h3 class=\"wp-block-heading\"><strong>Der Brand der Kathedrale Notre-Dame: Verw\u00fcstung und Sofortma\u00dfnahmen<\/strong><\/h3>\n\n\n\n<p>Das Feuer, das wahrscheinlich <a href=\"https:\/\/www.bbc.com\/news\/world-europe-47941794\" target=\"_blank\" rel=\"noreferrer noopener\">durch einen elektrischen Kurzschluss<\/a> w\u00e4hrend Renovierungsarbeiten verursacht wurde, brach am fr\u00fchen Abend des 15. April 2019 aus. W\u00e4hrend sich die Flammen ausbreiteten, k\u00e4mpften Feuerwehrleute und Rettungskr\u00e4fte verzweifelt darum, das Geb\u00e4ude zu retten, und konnten so einen vollst\u00e4ndigen Einsturz verhindern.<\/p>\n\n\n\n<p>Dennoch st\u00fcrzte die 90 Meter hohe Turmspitze, die vom Architekten <a href=\"https:\/\/www.britannica.com\/biography\/Eugene-Emmanuel-Viollet-le-Duc\" target=\"_blank\" rel=\"noreferrer noopener\">Eug\u00e8ne Viollet-le-Duc<\/a>, einem Architekten des 19. Jahrhunderts, entworfen wurde, ein. Auch ein Gro\u00dfteil des mittelalterlichen Holzdachs \u2013 wegen seines dichten Holzger\u00fcsts auch \u201eder Wald\u201c genannt \u2013 verwandelte sich in Asche.<\/p>\n\n\n\n<p>Trotz der schweren Sch\u00e4den blieben die Steingew\u00f6lbe, Glockent\u00fcrme und ber\u00fchmten Buntglasfenster der Kathedrale erhalten. Innerhalb weniger Tage gingen aus aller Welt Spendenzusagen ein, die sich <a href=\"https:\/\/www.nytimes.com\/2024\/12\/06\/world\/europe\/notre-dame-paris-france.html\" target=\"_blank\" rel=\"noreferrer noopener\"><em>der New York Times<\/em><\/a> zufolge schlie\u00dflich auf fast 1 Milliarde US-Dollar beliefen.<\/p>\n\n\n\n<p>Was folgte, war eines der ehrgeizigsten Restaurierungsprojekte der modernen Geschichte.<\/p>\n\n\n\n<h3 class=\"wp-block-heading\"><strong>Restaurierung der Kathedrale Notre-Dame: Dringende Stabilisierungsma\u00dfnahmen<\/strong><\/h3>\n\n\n\n<p>Bevor mit den Restaurierungsarbeiten begonnen werden konnte, musste das Bauwerk <a href=\"https:\/\/www.cbsnews.com\/news\/the-rebirth-of-notre-dame-cathedral\/\" target=\"_blank\" rel=\"noreferrer noopener\">stabilisiert werden<\/a>. Die Ingenieure erkannten schnell, dass die anf\u00e4lligen Mauern von Notre-Dame einsturzgef\u00e4hrdet waren. Die Teams errichteten ein Ger\u00fcst um die Kathedrale und installierten provisorische Holzrahmen, um die charakteristischen Strebeb\u00f6gen zu sichern. Gro\u00dfe Planen bedeckten den ungesch\u00fctzten Innenraum, um ihn vor Regen und Wind zu sch\u00fctzen.<\/p>\n\n\n\n<p>Auch Bedenken hinsichtlich des Umweltschutzes erschwerten die Bem\u00fchungen. Wie die <em>New York Times<\/em> berichtete, waren bei dem Brand gesch\u00e4tzte 460 Tonnen Blei vom Dach und der Turmspitze geschmolzen und hatten die Umgebung verseucht. Die Arbeiter trugen Schutzanz\u00fcge und die Schulen in der N\u00e4he wurden wegen Dekontaminierung geschlossen. Laut <a href=\"https:\/\/www.france24.com\/en\/video\/20241207-france-how-was-notre-dame-s-stonework-restored-after-the-2019-fire\" target=\"_blank\" rel=\"noreferrer noopener\"><em>France 24<\/em><\/a> verbrachten Spezialteams Monate damit, giftige R\u00fcckst\u00e4nde zu entfernen, um die Sicherheit sowohl der Arbeiter als auch der \u00d6ffentlichkeit zu gew\u00e4hrleisten.<\/p>\n\n\n\n<h3 class=\"wp-block-heading\"><strong>Details der Restaurierung der Kathedrale Notre-Dame<\/strong><\/h3>\n\n\n\n<p>Die eigentliche Restaurierung begann im Jahr 2021 und konzentrierte sich darauf, die historische Gestaltung von Notre-Dame zu erhalten und gleichzeitig moderne Bautechniken und -materialien einzubeziehen, wo dies notwendig war.<\/p>\n\n\n\n<p><strong><em>Rekonstruktion des Dachs und der Turmspitze<\/em><\/strong><\/p>\n\n\n\n<p>Die Restaurierung des Daches und des Turms erforderte architektonische Pr\u00e4zision und ein umfassendes Verst\u00e4ndnis mittelalterlicher Bautechniken. Nach den Originalpl\u00e4nen von Viollet-le-Duc aus dem 19. Jahrhundert <a href=\"https:\/\/www.smithsonianmag.com\/smart-news\/dozens-century-old-oak-trees-felled-rebuild-notre-dame-cathedrals-iconic-spire-180977481\/\" target=\"_blank\" rel=\"noreferrer noopener\">fertigten Tischler handgeschnitzte Balken<\/a> aus jahrhundertealten Eichen an, die in W\u00e4ldern in ganz Frankreich geschlagen wurden. Insgesamt wurden \u00fcber 1.000 Eichen sorgf\u00e4ltig ausgew\u00e4hlt und gef\u00e4llt, wobei Natursch\u00fctzer f\u00fcr \u00f6kologische Nachhaltigkeit sorgten.<\/p>\n\n\n\n<hr class=\"wp-block-separator has-text-color has-accent-color has-alpha-channel-opacity has-accent-background-color has-background\" \/>\n\n\n\n<h4 class=\"wp-block-heading\"><strong>Architekt der Vergangenheit und Zukunft: Eug\u00e8ne Viollet-le-Duc<\/strong><\/h4>\n\n\n\n<p><em>Eug\u00e8ne Viollet-le-Duc (1814\u20131879) war mehr als nur ein Architekt \u2013 er war ein Geschichtenerz\u00e4hler, dem es gelang, Geschichte anhand von Stein und Holz wieder zum Leben zu erwecken.<\/em><\/p>\n\n\n\n<p><em>Er ist vor allem f\u00fcr die Restaurierung einiger der ber\u00fchmtesten Wahrzeichen Frankreichs bekannt, darunter Notre-Dame de Paris, Mont Saint-Michel und die Festung von Carcassonne. Sein Einfallsreichtum hat dazu beigetragen, unsere heutige Sicht auf diese Bauwerke zu pr\u00e4gen \u2013 insbesondere auf die von ihm entworfene, hoch aufragende Turmspitze von Notre-Dame, die bis zu ihrem tragischen Einsturz bei dem Brand im Jahr 2019 ein beliebtes Wahrzeichen von Paris war.<\/em><\/p>\n\n\n\n<p><em>Viollet-le-Duc war der Meinung, dass es bei der Restaurierung nicht nur darum ging, die Vergangenheit zu reparieren, sondern auch darum, das zu vollenden, was die Geschichte unvollendet gelassen hatte.<\/em><\/p>\n\n\n\n<p><em>Diese k\u00fchne Vision brachte ihm sowohl Ruhm als auch Kontroversen ein. Sein Meisterwerk, das \u201eDictionnaire raisonn\u00e9 de l&#8217;architecture fran\u00e7aise\u201c, inspiriert noch heute Architekten und Denkmalpfleger und beweist, dass seine Ideen auch nach 150 Jahren die Zukunft der Denkmalpflege pr\u00e4gen.<\/em><\/p>\n\n\n\n<hr class=\"wp-block-separator has-text-color has-accent-color has-alpha-channel-opacity has-accent-background-color has-background\" \/>\n\n\n\n<p>Die Turmspitze, die als das bekannteste Merkmal von Notre-Dame gilt, wurde bis hin zu den filigranen Statuen der Zw\u00f6lf Apostel genau so rekonstruiert, wie sie vor dem Brand aussah. Ein neuer vergoldeter Hahn <a href=\"https:\/\/www.notredamedeparis.fr\/en\/blessing-installation-rooster-spire\/\" target=\"_blank\" rel=\"noreferrer noopener\">wurde an der Turmspitze angebracht<\/a>, der Relikte des Originals enth\u00e4lt \u2013 eine symbolische Anspielung auf die Vergangenheit und eine Hoffnung f\u00fcr die Zukunft.<\/p>\n\n\n\n<p><strong><em>Steinmetzarbeiten und Fassadenpflege<\/em><\/strong><\/p>\n\n\n\n<p>Die ikonische Kalksteinfassade von Notre-Dame musste sorgf\u00e4ltig gereinigt und restauriert werden. Jahrhunderte von Ru\u00df und Verschmutzung wurden entfernt und gaben den Blick auf eine helle, cremefarbene Au\u00dfenfassade frei, wie man sie in der heutigen Zeit nur noch selten sieht. <a href=\"https:\/\/www.thetimes.co.uk\/article\/notre-dame-cathedral-restoration-pictures-video-maps-7r3cdndn2\">Steinmetzmeister arbeiteten akribisch<\/a> daran, besch\u00e4digte Wasserspeier, Statuen und Reliefs zu reparieren. Jeder Stein, der zu stark besch\u00e4digt war, wurde durch identischen Kalkstein aus Steinbr\u00fcchen ersetzt, die beim urspr\u00fcnglichen Bau der Kathedrale genutzt wurden.<\/p>\n\n\n\n<p><strong><em>Glasmalerei und Kunstrestaurierung<\/em><\/strong><\/p>\n\n\n\n<p>Die drei ber\u00fchmten Rosettenfenster der Kathedrale aus dem 13. Jahrhundert \u00fcberstanden das Feuer auf wundersame Weise, mussten jedoch umfassend gereinigt und restauriert werden. Jedes einzelne St\u00fcck Buntglas wurde <a href=\"https:\/\/www.bbc.com\/news\/articles\/c0qdj80py3no\" target=\"_blank\" rel=\"noreferrer noopener\">von Glasmachermeistern<\/a> nach traditionellen Methoden entfernt, gereinigt und wieder zusammengesetzt. Restauratoren reparierten auch religi\u00f6se Skulpturen und wertvolle Kunstwerke, darunter die Statue der Jungfrau Maria, die sich auf dem Hauptaltar befand.<\/p>\n\n\n\n<h3 class=\"wp-block-heading\"><strong>Moderne Innovationen bei der Restaurierung von Notre-Dame: Eine Verbindung von Tradition und Technologie<\/strong><\/h3>\n\n\n\n<p>W\u00e4hrend die Bewahrung der mittelalterlichen Integrit\u00e4t von Notre-Dame von gr\u00f6\u00dfter Bedeutung war, setzte das Restaurierungsteam moderne Technologien und nachhaltige Verfahren ein, um die Langlebigkeit dieses Bauwerks zu gew\u00e4hrleisten.<\/p>\n\n\n\n<p><strong><em>Technologische Fortschritte<\/em><\/strong><\/p>\n\n\n\n<p>Einer der bahnbrechendsten Aspekte der Restaurierung war der Einsatz digitaler 3D-Modellierung. Vor dem Brand hatte der Architekt Andrew Tallon einen <a href=\"https:\/\/www.nationalgeographic.com\/adventure\/article\/150622-andrew-tallon-notre-dame-cathedral-laser-scan-art-history-medieval-gothic\" target=\"_blank\" rel=\"noreferrer noopener\">detaillierten Laserscan<\/a> der Kathedrale angefertigt und so einen unglaublich genauen digitalen Bauplan erstellt. Diese Scans erm\u00f6glichten es den Restauratoren, selbst die kompliziertesten Details mit beispielloser Pr\u00e4zision zu rekonstruieren. Die Ingenieure nutzten auch Augmented Reality, um verschiedene Sanierungsszenarien zu simulieren, bevor sie vor Ort umgesetzt wurden.<\/p>\n\n\n\n<hr class=\"wp-block-separator has-text-color has-accent-color has-alpha-channel-opacity has-accent-background-color has-background\" \/>\n\n\n\n<h4 class=\"wp-block-heading\"><strong>Genauer betrachtet: Wie Bautechnologie beim Wiederaufbau von Notre-Dame half<\/strong><\/h4>\n\n\n\n<p><em>Beim Wiederaufbau eines jahrhundertealten Meisterwerks wie der Kathedrale Notre-Dame ging es nicht nur um handwerkliches K\u00f6nnen, sondern auch darum, Tradition mit modernster Technologie zu verbinden. So haben digitale Tools dazu beigetragen, eines der ber\u00fchmtesten Wahrzeichen der Welt zu restaurieren.<\/em><\/p>\n\n\n\n<p><strong><em>3D-Laserscans: Eine Blaupause aus der Vergangenheit<\/em><\/strong><\/p>\n\n\n\n<p><em>Lange vor dem Brand im Jahr 2019 erstellte der Architekt Andrew Tallon hochpr\u00e4zise 3D-Laserscans von Notre-Dame. Seine Arbeit hielt jede noch so komplizierte Kurve, jeden Bogen und jedes Detail der Kathedrale fest und wurde zu einer unverzichtbaren Referenz, als die Restaurierungsteams vor der gewaltigen Aufgabe standen, das Bauwerk von Grund auf zu rekonstruieren.<\/em><\/p>\n\n\n\n\n\n\n\n<p><strong><em>Augmented Reality: Die Zukunft auf dem Pr\u00fcfstand<\/em><\/strong><\/p>\n\n\n\n<p><em>Beim Wiederaufbau eines so komplexen Geb\u00e4udes wie Notre-Dame geht es nicht nur um Ziegel und Balken, sondern darum, sicherzustellen, dass alles perfekt passt. Ingenieure nutzten Augmented Reality (AR), um digitale Rekonstruktionstests durchzuf\u00fchren und Entw\u00fcrfe zu simulieren, bevor der physische Wiederaufbau begann. Dieses Verfahren sparte Zeit und half, kostspielige Konstruktionsfehler zu vermeiden.<\/em><\/p>\n\n\n\n<p><strong><em>Digitales Projektmanagement: Alles unter Kontrolle<\/em><\/strong><\/p>\n\n\n\n<p><em>Die Koordination einer umfangreichen, jahrelangen Restaurierung unter Beteiligung Dutzender Teams erforderte mehr als nur Besprechungen und Planungsdokumente. Die Projektmanager verlie\u00dfen sich auf <\/em><a href=\"https:\/\/adsknews.autodesk.com\/en\/news\/notre-dame-cathedral-restoration\/\" target=\"_blank\" rel=\"noreferrer noopener\"><em>digitale Kollaborationsplattformen<\/em><\/a><em>, um den Fortschritt zu verfolgen, Aktualisierungen auszutauschen und Tausende von beweglichen Teilen zu synchronisieren \u2013 und das alles unter Erhaltung der einzigartigen Geschichte der Kathedrale.<\/em><\/p>\n\n\n\n<p><em>Dank der \u00fcberzeugenden Mischung aus altmodischer Handwerkskunst und Technologie wurde die Restaurierung von Notre-Dame zu einer Geschichte von Innovation und Widerstandsf\u00e4higkeit.<\/em><\/p>\n\n\n\n<hr class=\"wp-block-separator has-alpha-channel-opacity\" \/>\n\n\n\n<hr class=\"wp-block-separator has-text-color has-accent-color has-alpha-channel-opacity has-accent-background-color has-background\" \/>\n\n\n\n<h4 class=\"wp-block-heading\"><strong><em>Umweltfreundliche und moderne Modernisierungen<\/em><\/strong><\/h4>\n\n\n\n<p>Zum Schutz vor zuk\u00fcnftigen Katastrophen wurden feuerfeste Materialien in die Dachkonstruktion integriert, darunter fortschrittliche Metallverst\u00e4rkungen, die unter dem traditionellen Holzrahmen verborgen sind. Ein energieeffizientes <a href=\"https:\/\/www.friendsofnotredamedeparis.org\/completion-of-technical-installations-and-fire-protection-final-tests\/\" target=\"_blank\" rel=\"noreferrer noopener\">Beleuchtungssystem erhellt nun<\/a> die hohen B\u00f6gen der Kathedrale und unterstreicht sowohl ihre Sch\u00f6nheit als auch ihre Nachhaltigkeit. Das neu installierte Soundsystem sorgt auch bei Konzerten und religi\u00f6sen Zeremonien f\u00fcr eine erstklassige Akustik. Dar\u00fcber hinaus wurde die Barrierefreiheit durch Rampen und Eing\u00e4nge f\u00fcr Besucher mit eingeschr\u00e4nkter Mobilit\u00e4t verbessert.<\/p>\n\n\n\n<h3 class=\"wp-block-heading\"><strong>Die kulturelle und symbolische Bedeutung der Restaurierung von Notre-Dame<\/strong><\/h3>\n\n\n\n<p>Abgesehen von seiner architektonischen Pracht hat Notre-Dame <a href=\"https:\/\/www.vogue.com\/article\/notre-dame-paris-reopens\" target=\"_blank\" rel=\"noreferrer noopener\">eine immense kulturelle und spirituelle<\/a> Bedeutung. Die Namen der an der Restaurierung beteiligten Arbeiter wurden zu ihren Ehren auf einer speziellen Gedenktafel in der Kathedrale eingraviert. Der neue vergoldete Hahn auf der Turmspitze, der Relikte des Originals enth\u00e4lt, symbolisiert Hoffnung, Erneuerung und den unsterblichen menschlichen Geist.<\/p>\n\n\n\n<p>Die Wiederer\u00f6ffnungsfeierlichkeiten im Dezember 2024 fanden vor den Augen von Staats- und Regierungschefs, W\u00fcrdentr\u00e4gern und Millionen von Zuschauern weltweit statt. Wie <a href=\"https:\/\/www.reuters.com\/world\/europe\/notre-dame-cathedral-reopens-saturday-five-years-after-fire-2024-12-07\/\" target=\"_blank\" rel=\"noreferrer noopener\"><em>Reuters<\/em><\/a> berichtete, er\u00f6ffnete der Pariser Erzbischof die Kathedrale symbolisch wieder, indem er mit einem Bischofsstab an die gro\u00dfen Holzt\u00fcren klopfte, der aus einem Balken gefertigt war, der das Feuer \u00fcberlebt hatte.<\/p>\n\n\n\n<h3 class=\"wp-block-heading\"><strong>Das Verm\u00e4chtnis von Notre-Dame: Ein Triumph der Restaurierung, der Widerstandsf\u00e4higkeit und des kulturellen Erbes<\/strong><\/h3>\n\n\n\n<p>Die Restaurierung von Notre-Dame ist ein Triumph der weltweiten Zusammenarbeit, der Handwerkskunst und der modernen Technologie. Ihre Wiedergeburt steht nicht nur f\u00fcr die Bewahrung eines kulturellen und historischen Schatzes, sondern auch f\u00fcr die F\u00e4higkeit der Menschheit, sich im Angesicht von Verlusten neu zu erfinden.<\/p>\n\n\n\n<p>W\u00e4hrend sie ihre T\u00fcren f\u00fcr Gl\u00e4ubige und Touristen gleicherma\u00dfen wieder \u00f6ffnet, bleibt Notre-Dame ein Symbol der Widerstandsf\u00e4higkeit und erinnert die Welt daran, dass selbst in der Zerst\u00f6rung eine Erneuerung m\u00f6glich ist.<\/p>\n\n\n\n<div style=\"text-align:center\" class=\"wp-block-atomic-blocks-ab-cta ab-block-cta\"><div class=\"ab-cta-content\"><h2 class=\"ab-cta-title ab-font-size-32\" style=\"color:#32373c\">Jetzt entdecken, wie Bluebeam Projekte optimieren kann \u2013 noch heute mit der kostenlosen Testversion starten!<\/h2><div class=\"ab-cta-text ab-font-size-32\" style=\"color:#32373c\"><\/div><\/div><div class=\"ab-cta-button\"><a href=\"https:\/\/www.bluebeam.com\/de\/trials\/\" target=\"_blank\" rel=\"noopener noreferrer\" class=\"ab-button ab-button-shape-rounded ab-button-size-medium\" style=\"color:#ffffff;background-color:#3373dc\">JETZT HERUNTERLADEN<\/a><\/div><\/div>\n","protected":false},"excerpt":{"rendered":"<p>Die beeindruckende Restaurierung der Kathedrale Notre-Dame zeichnet sich durch eine Kombination aus Tradition und Innovation aus und offenbart eine Geschichte von Widerstandsf\u00e4higkeit, Handwerkskunst und globaler Einheit<\/p>\n","protected":false},"author":605,"featured_media":82483,"comment_status":"closed","ping_status":"closed","sticky":false,"template":"","format":"standard","meta":{"footnotes":""},"categories":[16713,144],"tags":[16966],"class_list":["post-82481","post","type-post","status-publish","format-standard","has-post-thumbnail","hentry","category-people","category-projects","tag-denkmalpflege-und-restaurierung","category-16713","category-144","description-off"],"yoast_head":"<!-- This site is optimized with the Yoast SEO plugin v27.5 - https:\/\/yoast.com\/product\/yoast-seo-wordpress\/ -->\n<title>F\u00fcnfj\u00e4hrige Restaurierung der Kathedrale Notre-Dame nach dem Brand | Built<\/title>\n<meta name=\"description\" content=\"Die Kathedrale Notre-Dame ist nach dem Brand im Jahr 2019 durch eine beeindruckende f\u00fcnfj\u00e4hrige Restaurierung aus der Asche auferstanden.\" \/>\n<meta name=\"robots\" content=\"index, follow, max-snippet:-1, max-image-preview:large, max-video-preview:-1\" \/>\n<link rel=\"canonical\" href=\"https:\/\/blog.bluebeam.com\/de\/notre-dame-reconstruction\/\" \/>\n<meta property=\"og:locale\" content=\"de_DE\" \/>\n<meta property=\"og:type\" content=\"article\" \/>\n<meta property=\"og:title\" content=\"F\u00fcnfj\u00e4hrige Restaurierung der Kathedrale Notre-Dame nach dem Brand | Built\" \/>\n<meta property=\"og:description\" content=\"Die Kathedrale Notre-Dame ist nach dem Brand im Jahr 2019 durch eine beeindruckende f\u00fcnfj\u00e4hrige Restaurierung aus der Asche auferstanden.\" \/>\n<meta property=\"og:url\" content=\"https:\/\/blog.bluebeam.com\/de\/notre-dame-reconstruction\/\" \/>\n<meta property=\"og:site_name\" content=\"Built | DE\" \/>\n<meta property=\"article:publisher\" content=\"https:\/\/www.facebook.com\/bluebeamDACH\" \/>\n<meta property=\"article:published_time\" content=\"2025-02-03T12:05:12+00:00\" \/>\n<meta property=\"article:modified_time\" content=\"2025-02-03T12:05:14+00:00\" \/>\n<meta property=\"og:image\" content=\"https:\/\/blog.bluebeam.com\/de\/wp-content\/uploads\/sites\/6\/2025\/01\/resized_photo_900x600.jpg\" \/>\n\t<meta property=\"og:image:width\" content=\"900\" \/>\n\t<meta property=\"og:image:height\" content=\"600\" \/>\n\t<meta property=\"og:image:type\" content=\"image\/jpeg\" \/>\n<meta name=\"author\" content=\"Frank Kalman\" \/>\n<meta name=\"twitter:card\" content=\"summary_large_image\" \/>\n<meta name=\"twitter:creator\" content=\"@bluebeam\" \/>\n<meta name=\"twitter:site\" content=\"@bluebeam\" \/>\n<meta name=\"twitter:label1\" content=\"Verfasst von\" \/>\n\t<meta name=\"twitter:data1\" content=\"Frank Kalman\" \/>\n\t<meta name=\"twitter:label2\" content=\"Gesch\u00e4tzte Lesezeit\" \/>\n\t<meta name=\"twitter:data2\" content=\"7 Minuten\" \/>\n<script type=\"application\/ld+json\" class=\"yoast-schema-graph\">{\"@context\":\"https:\\\/\\\/schema.org\",\"@graph\":[{\"@type\":\"Article\",\"@id\":\"https:\\\/\\\/blog.bluebeam.com\\\/de\\\/notre-dame-reconstruction\\\/#article\",\"isPartOf\":{\"@id\":\"https:\\\/\\\/blog.bluebeam.com\\\/de\\\/notre-dame-reconstruction\\\/\"},\"author\":{\"name\":\"Frank Kalman\",\"@id\":\"https:\\\/\\\/blog.bluebeam.com\\\/de\\\/#\\\/schema\\\/person\\\/9d4c3906dc90c112428cfaa63db9d1f5\"},\"headline\":\"Einblick in die Kathedrale Notre-Dame: F\u00fcnf Jahre Restaurierung nach dem verheerenden Brand\",\"datePublished\":\"2025-02-03T12:05:12+00:00\",\"dateModified\":\"2025-02-03T12:05:14+00:00\",\"mainEntityOfPage\":{\"@id\":\"https:\\\/\\\/blog.bluebeam.com\\\/de\\\/notre-dame-reconstruction\\\/\"},\"wordCount\":1591,\"publisher\":{\"@id\":\"https:\\\/\\\/blog.bluebeam.com\\\/de\\\/#organization\"},\"image\":{\"@id\":\"https:\\\/\\\/blog.bluebeam.com\\\/de\\\/notre-dame-reconstruction\\\/#primaryimage\"},\"thumbnailUrl\":\"https:\\\/\\\/blog.bluebeam.com\\\/de\\\/wp-content\\\/uploads\\\/sites\\\/6\\\/2025\\\/01\\\/resized_photo_900x600.jpg\",\"keywords\":[\"Denkmalpflege und Restaurierung\"],\"articleSection\":[\"Mitarbeiter\",\"Projekte\"],\"inLanguage\":\"de-DE\"},{\"@type\":\"WebPage\",\"@id\":\"https:\\\/\\\/blog.bluebeam.com\\\/de\\\/notre-dame-reconstruction\\\/\",\"url\":\"https:\\\/\\\/blog.bluebeam.com\\\/de\\\/notre-dame-reconstruction\\\/\",\"name\":\"F\u00fcnfj\u00e4hrige Restaurierung der Kathedrale Notre-Dame nach dem Brand | Built\",\"isPartOf\":{\"@id\":\"https:\\\/\\\/blog.bluebeam.com\\\/de\\\/#website\"},\"primaryImageOfPage\":{\"@id\":\"https:\\\/\\\/blog.bluebeam.com\\\/de\\\/notre-dame-reconstruction\\\/#primaryimage\"},\"image\":{\"@id\":\"https:\\\/\\\/blog.bluebeam.com\\\/de\\\/notre-dame-reconstruction\\\/#primaryimage\"},\"thumbnailUrl\":\"https:\\\/\\\/blog.bluebeam.com\\\/de\\\/wp-content\\\/uploads\\\/sites\\\/6\\\/2025\\\/01\\\/resized_photo_900x600.jpg\",\"datePublished\":\"2025-02-03T12:05:12+00:00\",\"dateModified\":\"2025-02-03T12:05:14+00:00\",\"description\":\"Die Kathedrale Notre-Dame ist nach dem Brand im Jahr 2019 durch eine beeindruckende f\u00fcnfj\u00e4hrige Restaurierung aus der Asche auferstanden.\",\"breadcrumb\":{\"@id\":\"https:\\\/\\\/blog.bluebeam.com\\\/de\\\/notre-dame-reconstruction\\\/#breadcrumb\"},\"inLanguage\":\"de-DE\",\"potentialAction\":[{\"@type\":\"ReadAction\",\"target\":[\"https:\\\/\\\/blog.bluebeam.com\\\/de\\\/notre-dame-reconstruction\\\/\"]}]},{\"@type\":\"ImageObject\",\"inLanguage\":\"de-DE\",\"@id\":\"https:\\\/\\\/blog.bluebeam.com\\\/de\\\/notre-dame-reconstruction\\\/#primaryimage\",\"url\":\"https:\\\/\\\/blog.bluebeam.com\\\/de\\\/wp-content\\\/uploads\\\/sites\\\/6\\\/2025\\\/01\\\/resized_photo_900x600.jpg\",\"contentUrl\":\"https:\\\/\\\/blog.bluebeam.com\\\/de\\\/wp-content\\\/uploads\\\/sites\\\/6\\\/2025\\\/01\\\/resized_photo_900x600.jpg\",\"width\":900,\"height\":600},{\"@type\":\"BreadcrumbList\",\"@id\":\"https:\\\/\\\/blog.bluebeam.com\\\/de\\\/notre-dame-reconstruction\\\/#breadcrumb\",\"itemListElement\":[{\"@type\":\"ListItem\",\"position\":1,\"name\":\"Home\",\"item\":\"https:\\\/\\\/blog.bluebeam.com\\\/de\\\/\"},{\"@type\":\"ListItem\",\"position\":2,\"name\":\"Einblick in die Kathedrale Notre-Dame: F\u00fcnf Jahre Restaurierung nach dem verheerenden Brand\"}]},{\"@type\":\"WebSite\",\"@id\":\"https:\\\/\\\/blog.bluebeam.com\\\/de\\\/#website\",\"url\":\"https:\\\/\\\/blog.bluebeam.com\\\/de\\\/\",\"name\":\"Built | DE\",\"description\":\"The Bluebeam Blog\",\"publisher\":{\"@id\":\"https:\\\/\\\/blog.bluebeam.com\\\/de\\\/#organization\"},\"potentialAction\":[{\"@type\":\"SearchAction\",\"target\":{\"@type\":\"EntryPoint\",\"urlTemplate\":\"https:\\\/\\\/blog.bluebeam.com\\\/de\\\/?s={search_term_string}\"},\"query-input\":{\"@type\":\"PropertyValueSpecification\",\"valueRequired\":true,\"valueName\":\"search_term_string\"}}],\"inLanguage\":\"de-DE\"},{\"@type\":\"Organization\",\"@id\":\"https:\\\/\\\/blog.bluebeam.com\\\/de\\\/#organization\",\"name\":\"Bluebeam Inc.\",\"url\":\"https:\\\/\\\/blog.bluebeam.com\\\/de\\\/\",\"logo\":{\"@type\":\"ImageObject\",\"inLanguage\":\"de-DE\",\"@id\":\"https:\\\/\\\/blog.bluebeam.com\\\/de\\\/#\\\/schema\\\/logo\\\/image\\\/\",\"url\":\"https:\\\/\\\/blog.bluebeam.com\\\/de\\\/wp-content\\\/uploads\\\/sites\\\/6\\\/2020\\\/05\\\/bluebeam.png\",\"contentUrl\":\"https:\\\/\\\/blog.bluebeam.com\\\/de\\\/wp-content\\\/uploads\\\/sites\\\/6\\\/2020\\\/05\\\/bluebeam.png\",\"width\":840,\"height\":630,\"caption\":\"Bluebeam Inc.\"},\"image\":{\"@id\":\"https:\\\/\\\/blog.bluebeam.com\\\/de\\\/#\\\/schema\\\/logo\\\/image\\\/\"},\"sameAs\":[\"https:\\\/\\\/www.facebook.com\\\/bluebeamDACH\",\"https:\\\/\\\/x.com\\\/bluebeam\",\"https:\\\/\\\/www.instagram.com\\\/bluebeam_dach\\\/\",\"https:\\\/\\\/www.linkedin.com\\\/showcase\\\/bluebeam-dach\",\"https:\\\/\\\/youtube.com\\\/bluebeampdfrevu\"]},{\"@type\":\"Person\",\"@id\":\"https:\\\/\\\/blog.bluebeam.com\\\/de\\\/#\\\/schema\\\/person\\\/9d4c3906dc90c112428cfaa63db9d1f5\",\"name\":\"Frank Kalman\",\"image\":{\"@type\":\"ImageObject\",\"inLanguage\":\"de-DE\",\"@id\":\"https:\\\/\\\/secure.gravatar.com\\\/avatar\\\/9ec71058f1e8dd24edfc7c319b928579669acb40f375fffb3fba6bfb49a3d328?s=96&d=mm&r=g\",\"url\":\"https:\\\/\\\/secure.gravatar.com\\\/avatar\\\/9ec71058f1e8dd24edfc7c319b928579669acb40f375fffb3fba6bfb49a3d328?s=96&d=mm&r=g\",\"contentUrl\":\"https:\\\/\\\/secure.gravatar.com\\\/avatar\\\/9ec71058f1e8dd24edfc7c319b928579669acb40f375fffb3fba6bfb49a3d328?s=96&d=mm&r=g\",\"caption\":\"Frank Kalman\"},\"url\":\"https:\\\/\\\/blog.bluebeam.com\\\/de\\\/author\\\/kalman\\\/\"}]}<\/script>\n<!-- \/ Yoast SEO plugin. -->","yoast_head_json":{"title":"F\u00fcnfj\u00e4hrige Restaurierung der Kathedrale Notre-Dame nach dem Brand | Built","description":"Die Kathedrale Notre-Dame ist nach dem Brand im Jahr 2019 durch eine beeindruckende f\u00fcnfj\u00e4hrige Restaurierung aus der Asche auferstanden.","robots":{"index":"index","follow":"follow","max-snippet":"max-snippet:-1","max-image-preview":"max-image-preview:large","max-video-preview":"max-video-preview:-1"},"canonical":"https:\/\/blog.bluebeam.com\/de\/notre-dame-reconstruction\/","og_locale":"de_DE","og_type":"article","og_title":"F\u00fcnfj\u00e4hrige Restaurierung der Kathedrale Notre-Dame nach dem Brand | Built","og_description":"Die Kathedrale Notre-Dame ist nach dem Brand im Jahr 2019 durch eine beeindruckende f\u00fcnfj\u00e4hrige Restaurierung aus der Asche auferstanden.","og_url":"https:\/\/blog.bluebeam.com\/de\/notre-dame-reconstruction\/","og_site_name":"Built | DE","article_publisher":"https:\/\/www.facebook.com\/bluebeamDACH","article_published_time":"2025-02-03T12:05:12+00:00","article_modified_time":"2025-02-03T12:05:14+00:00","og_image":[{"width":900,"height":600,"url":"https:\/\/blog.bluebeam.com\/de\/wp-content\/uploads\/sites\/6\/2025\/01\/resized_photo_900x600.jpg","type":"image\/jpeg"}],"author":"Frank Kalman","twitter_card":"summary_large_image","twitter_creator":"@bluebeam","twitter_site":"@bluebeam","twitter_misc":{"Verfasst von":"Frank Kalman","Gesch\u00e4tzte Lesezeit":"7 Minuten"},"schema":{"@context":"https:\/\/schema.org","@graph":[{"@type":"Article","@id":"https:\/\/blog.bluebeam.com\/de\/notre-dame-reconstruction\/#article","isPartOf":{"@id":"https:\/\/blog.bluebeam.com\/de\/notre-dame-reconstruction\/"},"author":{"name":"Frank Kalman","@id":"https:\/\/blog.bluebeam.com\/de\/#\/schema\/person\/9d4c3906dc90c112428cfaa63db9d1f5"},"headline":"Einblick in die Kathedrale Notre-Dame: F\u00fcnf Jahre Restaurierung nach dem verheerenden Brand","datePublished":"2025-02-03T12:05:12+00:00","dateModified":"2025-02-03T12:05:14+00:00","mainEntityOfPage":{"@id":"https:\/\/blog.bluebeam.com\/de\/notre-dame-reconstruction\/"},"wordCount":1591,"publisher":{"@id":"https:\/\/blog.bluebeam.com\/de\/#organization"},"image":{"@id":"https:\/\/blog.bluebeam.com\/de\/notre-dame-reconstruction\/#primaryimage"},"thumbnailUrl":"https:\/\/blog.bluebeam.com\/de\/wp-content\/uploads\/sites\/6\/2025\/01\/resized_photo_900x600.jpg","keywords":["Denkmalpflege und Restaurierung"],"articleSection":["Mitarbeiter","Projekte"],"inLanguage":"de-DE"},{"@type":"WebPage","@id":"https:\/\/blog.bluebeam.com\/de\/notre-dame-reconstruction\/","url":"https:\/\/blog.bluebeam.com\/de\/notre-dame-reconstruction\/","name":"F\u00fcnfj\u00e4hrige Restaurierung der Kathedrale Notre-Dame nach dem Brand | Built","isPartOf":{"@id":"https:\/\/blog.bluebeam.com\/de\/#website"},"primaryImageOfPage":{"@id":"https:\/\/blog.bluebeam.com\/de\/notre-dame-reconstruction\/#primaryimage"},"image":{"@id":"https:\/\/blog.bluebeam.com\/de\/notre-dame-reconstruction\/#primaryimage"},"thumbnailUrl":"https:\/\/blog.bluebeam.com\/de\/wp-content\/uploads\/sites\/6\/2025\/01\/resized_photo_900x600.jpg","datePublished":"2025-02-03T12:05:12+00:00","dateModified":"2025-02-03T12:05:14+00:00","description":"Die Kathedrale Notre-Dame ist nach dem Brand im Jahr 2019 durch eine beeindruckende f\u00fcnfj\u00e4hrige Restaurierung aus der Asche auferstanden.","breadcrumb":{"@id":"https:\/\/blog.bluebeam.com\/de\/notre-dame-reconstruction\/#breadcrumb"},"inLanguage":"de-DE","potentialAction":[{"@type":"ReadAction","target":["https:\/\/blog.bluebeam.com\/de\/notre-dame-reconstruction\/"]}]},{"@type":"ImageObject","inLanguage":"de-DE","@id":"https:\/\/blog.bluebeam.com\/de\/notre-dame-reconstruction\/#primaryimage","url":"https:\/\/blog.bluebeam.com\/de\/wp-content\/uploads\/sites\/6\/2025\/01\/resized_photo_900x600.jpg","contentUrl":"https:\/\/blog.bluebeam.com\/de\/wp-content\/uploads\/sites\/6\/2025\/01\/resized_photo_900x600.jpg","width":900,"height":600},{"@type":"BreadcrumbList","@id":"https:\/\/blog.bluebeam.com\/de\/notre-dame-reconstruction\/#breadcrumb","itemListElement":[{"@type":"ListItem","position":1,"name":"Home","item":"https:\/\/blog.bluebeam.com\/de\/"},{"@type":"ListItem","position":2,"name":"Einblick in die Kathedrale Notre-Dame: F\u00fcnf Jahre Restaurierung nach dem verheerenden Brand"}]},{"@type":"WebSite","@id":"https:\/\/blog.bluebeam.com\/de\/#website","url":"https:\/\/blog.bluebeam.com\/de\/","name":"Built | DE","description":"The Bluebeam Blog","publisher":{"@id":"https:\/\/blog.bluebeam.com\/de\/#organization"},"potentialAction":[{"@type":"SearchAction","target":{"@type":"EntryPoint","urlTemplate":"https:\/\/blog.bluebeam.com\/de\/?s={search_term_string}"},"query-input":{"@type":"PropertyValueSpecification","valueRequired":true,"valueName":"search_term_string"}}],"inLanguage":"de-DE"},{"@type":"Organization","@id":"https:\/\/blog.bluebeam.com\/de\/#organization","name":"Bluebeam Inc.","url":"https:\/\/blog.bluebeam.com\/de\/","logo":{"@type":"ImageObject","inLanguage":"de-DE","@id":"https:\/\/blog.bluebeam.com\/de\/#\/schema\/logo\/image\/","url":"https:\/\/blog.bluebeam.com\/de\/wp-content\/uploads\/sites\/6\/2020\/05\/bluebeam.png","contentUrl":"https:\/\/blog.bluebeam.com\/de\/wp-content\/uploads\/sites\/6\/2020\/05\/bluebeam.png","width":840,"height":630,"caption":"Bluebeam Inc."},"image":{"@id":"https:\/\/blog.bluebeam.com\/de\/#\/schema\/logo\/image\/"},"sameAs":["https:\/\/www.facebook.com\/bluebeamDACH","https:\/\/x.com\/bluebeam","https:\/\/www.instagram.com\/bluebeam_dach\/","https:\/\/www.linkedin.com\/showcase\/bluebeam-dach","https:\/\/youtube.com\/bluebeampdfrevu"]},{"@type":"Person","@id":"https:\/\/blog.bluebeam.com\/de\/#\/schema\/person\/9d4c3906dc90c112428cfaa63db9d1f5","name":"Frank Kalman","image":{"@type":"ImageObject","inLanguage":"de-DE","@id":"https:\/\/secure.gravatar.com\/avatar\/9ec71058f1e8dd24edfc7c319b928579669acb40f375fffb3fba6bfb49a3d328?s=96&d=mm&r=g","url":"https:\/\/secure.gravatar.com\/avatar\/9ec71058f1e8dd24edfc7c319b928579669acb40f375fffb3fba6bfb49a3d328?s=96&d=mm&r=g","contentUrl":"https:\/\/secure.gravatar.com\/avatar\/9ec71058f1e8dd24edfc7c319b928579669acb40f375fffb3fba6bfb49a3d328?s=96&d=mm&r=g","caption":"Frank Kalman"},"url":"https:\/\/blog.bluebeam.com\/de\/author\/kalman\/"}]}},"featured_image_src":"https:\/\/blog.bluebeam.com\/de\/wp-content\/uploads\/sites\/6\/2025\/01\/resized_photo_900x600-600x400.jpg","featured_image_src_square":"https:\/\/blog.bluebeam.com\/de\/wp-content\/uploads\/sites\/6\/2025\/01\/resized_photo_900x600-600x600.jpg","author_info":{"display_name":"Frank Kalman","author_link":"https:\/\/blog.bluebeam.com\/de\/author\/kalman\/"},"_links":{"self":[{"href":"https:\/\/blog.bluebeam.com\/de\/wp-json\/wp\/v2\/posts\/82481","targetHints":{"allow":["GET"]}}],"collection":[{"href":"https:\/\/blog.bluebeam.com\/de\/wp-json\/wp\/v2\/posts"}],"about":[{"href":"https:\/\/blog.bluebeam.com\/de\/wp-json\/wp\/v2\/types\/post"}],"author":[{"embeddable":true,"href":"https:\/\/blog.bluebeam.com\/de\/wp-json\/wp\/v2\/users\/605"}],"replies":[{"embeddable":true,"href":"https:\/\/blog.bluebeam.com\/de\/wp-json\/wp\/v2\/comments?post=82481"}],"version-history":[{"count":0,"href":"https:\/\/blog.bluebeam.com\/de\/wp-json\/wp\/v2\/posts\/82481\/revisions"}],"wp:featuredmedia":[{"embeddable":true,"href":"https:\/\/blog.bluebeam.com\/de\/wp-json\/wp\/v2\/media\/82483"}],"wp:attachment":[{"href":"https:\/\/blog.bluebeam.com\/de\/wp-json\/wp\/v2\/media?parent=82481"}],"wp:term":[{"taxonomy":"category","embeddable":true,"href":"https:\/\/blog.bluebeam.com\/de\/wp-json\/wp\/v2\/categories?post=82481"},{"taxonomy":"post_tag","embeddable":true,"href":"https:\/\/blog.bluebeam.com\/de\/wp-json\/wp\/v2\/tags?post=82481"}],"curies":[{"name":"wp","href":"https:\/\/api.w.org\/{rel}","templated":true}]}}