{"id":80847,"date":"2022-08-10T03:01:51","date_gmt":"2022-08-10T01:01:51","guid":{"rendered":"https:\/\/blog.bluebeam.com\/se\/?p=80847"},"modified":"2022-08-10T17:59:45","modified_gmt":"2022-08-10T15:59:45","slug":"national-association-black-women-construction","status":"publish","type":"post","link":"https:\/\/blog.bluebeam.com\/se\/national-association-black-women-construction\/","title":{"rendered":"H\u00e4r \u00e4r kvinnorna som jobbar f\u00f6r att \u00f6ka svartas representation i byggbranschen"},"content":{"rendered":"\n<p class=\"has-drop-cap\">F\u00f6r Ann McNeill, grundare och ordf\u00f6rande f\u00f6r <a href=\"https:\/\/nabwic.org\/\" target=\"_blank\" rel=\"noreferrer noopener\">National Association of Black Women in Construction (NABWIC),<\/a> grundar sig allt i gemenskap. Sedan 1991 har NABWIC hj\u00e4lpt svarta kvinnor att hitta en gemenskap i byggbranschen, som ibland kan vara ensam.<\/p>\n\n\n\n<p><a href=\"https:\/\/www.linkedin.com\/in\/annmcneillmasterbuilder\/\" target=\"_blank\" rel=\"noreferrer noopener\">Ann<\/a>, vars egen v\u00e4g till byggbranschen var okonventionell, ville f\u00e5 kontakt med andra svarta kvinnor som kunde lyfta och uppmuntra varandra genom n\u00e4tverkande, mentorskap och program som var utformade f\u00f6r att v\u00e4cka deltagarnas k\u00e4rlek till byggv\u00e4rlden.<\/p>\n\n\n\n<h3 class=\"wp-block-heading\"><strong>Fr\u00e5n hobby till yrke<\/strong><\/h3>\n\n\n\n<p>Ann McNeill inledde sin karri\u00e4r som kontorsarbetare l\u00e5ngt bort fr\u00e5n byggv\u00e4rlden. \u201dJag har en kandidatexamen i redovisning och en magisterexamen i ekonomi\u201d, ber\u00e4ttar hon. \u201dEfter universitetet var det egentligen f\u00f6rst n\u00e4r jag och min man k\u00f6pte v\u00e5rt f\u00f6rsta hus som jag b\u00f6rjade l\u00e4ra mig n\u00e5got om att bygga.\u201d<\/p>\n\n\n\n<p>Ann och hennes man fick snabbt blodad tand n\u00e4r det g\u00e4llde byggandet, och det var en erfarenhet som fick dem att b\u00f6rja investera i fastigheter. \u201dVi k\u00f6pte huset tv\u00e4rs \u00f6ver gatan, sedan k\u00f6pte vi ett l\u00e4ngre ner p\u00e5 gatan, och p\u00e5 v\u00e4ldigt kort tid var vi pl\u00f6tsligt \u00e4gare till tre eller fyra hus p\u00e5 samma gata.\u201d<\/p>\n\n\n\n<p>Eftersom de nyink\u00f6pta fastigheterna alla var i behov av renovering b\u00f6rjade Ann och hennes man med att l\u00e4ra sig grunderna. \u201dVi b\u00f6rjade g\u00e5 till biblioteket f\u00f6r att l\u00e4ra oss mer\u201d, s\u00e4ger hon. \u201dOch ju mer vi h\u00f6ll p\u00e5 med att g\u00f6ra renoveringar sj\u00e4lva, desto mer ins\u00e5g vi hur mycket pengar vi sparade.\u201d<\/p>\n\n\n\n<p>Ann Mc Neills passion f\u00f6r att g\u00f6ra smarta ekonomiska val ledde henne snabbt vidare till att f\u00f6rdjupa sig i byggv\u00e4rlden. En dag sa hennes man att om han fick b\u00f6rja om s\u00e5 skulle han ha utbildat sig till hantverkare.<\/p>\n\n\n\n<p>\u201dVi hade f\u00e5tt l\u00e4ra oss att man ska studera f\u00f6r att skaffa sig en bra utbildning och sedan ett bra jobb i f\u00f6retagsv\u00e4rlden\u201d, s\u00e4ger Ann. \u201dMen m\u00e5nga av de hantverkare som vi tr\u00e4ffade hade hoppat av universitetet, eller aldrig l\u00e4st vidare. Kanske hade de inte ens g\u00e5tt f\u00e4rdigt gymnasiet. Sedan skaffade de sig ett hantverk, och kunde debitera oss mer per timme \u00e4n vad vi sj\u00e4lva tj\u00e4nade p\u00e5 en hel dag.\u201d<\/p>\n\n\n\n<p>Ann tog sin man p\u00e5 orden och beslutade sig f\u00f6r att sj\u00e4lv skaffa sig en ny utbildning. Hon gick i yrkesskola f\u00f6r att l\u00e4ra sig bygga fr\u00e5n grunden. Sedan jobbade hon p\u00e5 ett stort entrepren\u00f6rsf\u00f6retag innan hon startade en egen liten r\u00f6relse. \u201dUnder min uppv\u00e4xt hade min pappa eget f\u00f6retag, och han l\u00e4rde mig att k\u00f6ra tung utrustning och alla m\u00f6jliga andra saker\u201d, ber\u00e4ttar Ann. \u201dS\u00e5 det var inget konstigt. Det var bara \u00e4nnu en sak att l\u00e4ra sig. Jag s\u00e5g det aldrig som n\u00e5got som var manligt eller kvinnligt. Jag s\u00e5g det inte p\u00e5 det s\u00e4ttet eftersom jag inte var uppfostrad s\u00e5.\u201d<\/p>\n\n\n\n<h3 class=\"wp-block-heading\"><strong>Skapa en gemenskap<\/strong><\/h3>\n\n\n\n<p>Trots sin egen ovilja att begr\u00e4nsa sig till kategorier som etnicitet eller k\u00f6n, b\u00f6rjade Ann medan hon utvecklades i sin karri\u00e4r l\u00e4gga m\u00e4rke till hur ovanlig hennes n\u00e4rvaro i byggbranschen faktiskt var.<\/p>\n\n\n\n<p>\u201dN\u00e4r jag b\u00f6rjade resa gick det upp f\u00f6r mig att jag inte s\u00e5g s\u00e4rskilt m\u00e5nga svarta kvinnor, kvinnor som s\u00e5g ut som jag, i de olika grupperna inom branschen\u201d, s\u00e4ger Ann. \u201dJag var involverad i alla vita byggorganisationer som fanns. ABC, AGC, Women in Construction \u2013 allt. Jag var medlem i varenda organisation. Och jag noterade alltid att det bara fanns en enda svart kvinna bland medlemmarna, och s\u00e5 jag.<\/p>\n\n\n\n<hr class=\"wp-block-separator has-text-color has-background has-accent-background-color has-accent-color\" \/>\n\n\n\n<h4 class=\"wp-block-heading\">RELATERAT:<\/h4>\n\n\n\n<figure class=\"wp-block-embed is-type-video is-provider-youtube wp-block-embed-youtube wp-block-audio wp-embed-aspect-16-9 wp-has-aspect-ratio\"><div class=\"wp-block-embed__wrapper\">\n<iframe title=\"From Welder to Entrepreneur: Meet Lashanna Lintamo\" width=\"1200\" height=\"675\" src=\"https:\/\/www.youtube.com\/embed\/9NxvX0OG3QY?feature=oembed\" frameborder=\"0\" allow=\"accelerometer; autoplay; clipboard-write; encrypted-media; gyroscope; picture-in-picture\" allowfullscreen><\/iframe>\n<\/div><\/figure>\n\n\n\n<hr class=\"wp-block-separator has-text-color has-background has-accent-background-color has-accent-color\" \/>\n\n\n\n<p>Det var den h\u00e4r k\u00e4nslan av att sj\u00e4lv vara ett undantag som fick Ann att b\u00f6rja planera f\u00f6r att sammanf\u00f6ra andra svarta kvinnor som hon m\u00f6tte p\u00e5 sina resor, och bygga system f\u00f6r uppmuntran och st\u00f6d. \u201dJag b\u00f6rjade inse att, v\u00e4nta lite \u2013 vad h\u00e4nder om jag helt enkelt b\u00f6rjar \u00e4ta lunch?\u201d s\u00e4ger Ann. \u201dJag skulle kunna ordna n\u00e5got, och bara f\u00f6rs\u00f6ka f\u00e5 alla att \u00e4ta lunch tillsammans.\u201d<\/p>\n\n\n\n<p>Ann bj\u00f6d in tio kvinnor att \u00e4ta lunch p\u00e5 hennes kontor, d\u00e4r de kunde diskutera l\u00e4get i branschen. Den enkla gesten ledde till en n\u00e4stan omedelbar tillv\u00e4xt f\u00f6r NABWIC. \u201dDet ena ledde till det andra, som ledde till det tredje och sedan det fj\u00e4rde\u201d, s\u00e4ger Ann. \u201dOch nu har vi g\u00e5tt fr\u00e5n att vara tio kvinnor som \u00e4ter lunch tillsammans till att h\u00e5lla m\u00f6ten i femton st\u00e4der \u00f6ver hela landet.\u201d<\/p>\n\n\n\n<h3 class=\"wp-block-heading\"><strong>Kontakter leder till avtal<\/strong><\/h3>\n\n\n\n<p>N\u00e4r hon grundade NABWIC var Ann McNeills huvudsakliga m\u00e5l att skapa ett utrymme f\u00f6r att fr\u00e4mja samtal liknande det som hon deltog i p\u00e5 den d\u00e4r f\u00f6rsta lunchen f\u00f6r m\u00e5nga \u00e5r sedan.<\/p>\n\n\n\n<p>\u201dMin \u00f6nskan \u00e4r att det ska finnas en plats d\u00e4r svarta kvinnor kan knyta an till varandra inom fyra olika omr\u00e5den\u201d, s\u00e4ger Ann. \u201dF\u00f6rst och fr\u00e4mst, utbildning. Vi bes\u00f6ker skolor och h\u00e5ller branschdagar, ordnar mentorprogram f\u00f6r svarta tjejer, deltar i STEM-program och h\u00e5ller i andra aktiviteter f\u00f6r att sammanf\u00f6ra m\u00e4nniskor. Den andra pelaren \u00e4r svara kvinnor som styr n\u00e5gon form av upphandling inom den privata sektorn. Den tredje \u00e4r svarta kvinnor inom den offentliga sektorn. Allts\u00e5 svarta i kommitt\u00e9er p\u00e5 lokal, kommunal och delstatlig niv\u00e5, svarta kvinnor i kongressen \u2013 de svarta kvinnor som styr upphandlingar inom olika offentliga organ i hela USA. Den fj\u00e4rde pelaren utg\u00f6rs av oss som \u00e4r f\u00f6retagare eller hantverkare.\u201d<\/p>\n\n\n\n<p>Genom att fokusera p\u00e5 en s\u00e5 stor m\u00e4ngd specialiteter och bilda strategiska samarbeten med andra organisationer menar Ann att NABWIC:s medlemmar kan bli starkare tillsammans. \u201dI grund och botten handlar det om att knyta kontakter mellan de stora ingenj\u00f6rsfirmorna, entrepren\u00f6rerna, v\u00e5ra medlemmar och v\u00e5ra kunder\u201d, s\u00e4ger hon.<\/p>\n\n\n\n<h3 class=\"wp-block-heading\"><strong>Uppmuntra entrepren\u00f6rskap<\/strong><\/h3>\n\n\n\n<p>\u00c4ven om NABWIC satsar p\u00e5 att ge st\u00f6d till svarta kvinnors yrkesutveckling p\u00e5 de h\u00f6gsta niv\u00e5erna inom byggande och stadsplanering, f\u00f6rklarar Ann att organisationen ocks\u00e5 fokuserar p\u00e5 att hj\u00e4lpa de som \u00e4nnu inte har hittat sin v\u00e4g till framg\u00e5ng att komma ig\u00e5ng.<\/p>\n\n\n\n<p>\u201dDet handlar ocks\u00e5 om att skapa en pipeline f\u00f6r folk som aldrig har l\u00e4st p\u00e5 universitetet eller gymnasiet\u201d, s\u00e4ger Ann. \u201dMan kan f\u00f6rs\u00f6rja sig bra p\u00e5 att jobba som hantverkare. Man kan vara hantverkare och man kan starta eget f\u00f6retag, men man beh\u00f6ver mentalt st\u00f6d. Det g\u00e4ller att vara envis, att tro p\u00e5 sig sj\u00e4lv, att ha en dr\u00f6m \u2013 genom att ta sin fantasi och en rad andra principer och blanda dem kan man lyckas.\u201d Ann menar att NABWIC hj\u00e4lper till att lyfta unga, svarta kvinnor genom att ge dem alternativa v\u00e4gar till framg\u00e5ng.<\/p>\n\n\n\n<p>Enligt Ann ligger nyckeln till att uppmuntra fler svarta kvinnor att s\u00f6ka sig till byggbranschen i att bygga relationer.<\/p>\n\n\n\n<p>\u201dKontakter blir till avtal p\u00e5 alla niv\u00e5er\u201d, s\u00e4ger hon. \u201dN\u00e4r vi har avtal, n\u00e4r v\u00e5ra medlemmar har avtal, anst\u00e4ller de sina v\u00e4nner och familjemedlemmar. Om vi inte har n\u00e5gra avtal spelar det ingen roll vilken typ av pipeline som finns, det spelar ingen roll om det finns ett mentorprogram \u2013 ingenting av det betyder n\u00e5got alls om medlemmarna inte har arbete. Vi skapar en milj\u00f6 d\u00e4r det g\u00e5r att bygga s\u00e5dana relationer.\u201d<\/p>\n\n\n\n<div style=\"text-align:center\" class=\"wp-block-atomic-blocks-ab-cta ab-block-cta\"><div class=\"ab-cta-content\"><h2 class=\"ab-cta-title ab-font-size-32\" style=\"color:#32373c\"><strong>L\u00e4s fler inspirerande ber\u00e4ttelser om kvinnor som har lyckats i byggbranschen.<\/strong><\/h2><div class=\"ab-cta-text ab-font-size-32\" style=\"color:#32373c\"><\/div><\/div><div class=\"ab-cta-button\"><a href=\"https:\/\/blog.bluebeam.com\/se\/tag\/wic\/\" target=\"_blank\" rel=\"noopener noreferrer\" class=\"ab-button ab-button-shape-rounded ab-button-size-medium\" style=\"color:#ffffff;background-color:#3373dc\">VISA MIG<\/a><\/div><\/div>\n","protected":false},"excerpt":{"rendered":"<p>National Association of Black Women in Construction vill fr\u00e4mja mentorskap och gemenskap f\u00f6r att \u00f6ka antalet svarta kvinnor i branschen<\/p>\n","protected":false},"author":595,"featured_media":80848,"comment_status":"closed","ping_status":"closed","sticky":false,"template":"","format":"standard","meta":{"footnotes":""},"categories":[16712],"tags":[16744],"class_list":["post-80847","post","type-post","status-publish","format-standard","has-post-thumbnail","hentry","category-people","tag-wic","category-16712","description-off"],"yoast_head":"<!-- This site is optimized with the Yoast SEO plugin v27.5 - https:\/\/yoast.com\/product\/yoast-seo-wordpress\/ -->\n<title>Hur man \u00f6kar svarta kvinnors representation i byggbranschen | Built<\/title>\n<meta name=\"description\" content=\"National Association of Black Women in Construction vill fr\u00e4mja mentorskap och gemenskap f\u00f6r att \u00f6ka antalet svarta kvinnor i branschen.\" \/>\n<meta name=\"robots\" content=\"index, follow, max-snippet:-1, max-image-preview:large, max-video-preview:-1\" \/>\n<link rel=\"canonical\" href=\"https:\/\/blog.bluebeam.com\/se\/national-association-black-women-construction\/\" \/>\n<meta property=\"og:locale\" content=\"sv_SE\" \/>\n<meta property=\"og:type\" content=\"article\" \/>\n<meta property=\"og:title\" content=\"Hur man \u00f6kar svarta kvinnors representation i byggbranschen | Built\" \/>\n<meta property=\"og:description\" content=\"National Association of Black Women in Construction vill fr\u00e4mja mentorskap och gemenskap f\u00f6r att \u00f6ka antalet svarta kvinnor i branschen.\" \/>\n<meta property=\"og:url\" content=\"https:\/\/blog.bluebeam.com\/se\/national-association-black-women-construction\/\" \/>\n<meta property=\"og:site_name\" content=\"Built | SE\" \/>\n<meta property=\"article:publisher\" content=\"https:\/\/www.facebook.com\/bluebeamSE\" \/>\n<meta property=\"article:published_time\" content=\"2022-08-10T01:01:51+00:00\" \/>\n<meta property=\"article:modified_time\" content=\"2022-08-10T15:59:45+00:00\" \/>\n<meta property=\"og:image\" content=\"https:\/\/blog.bluebeam.com\/se\/wp-content\/uploads\/sites\/4\/2022\/07\/shutterstock_2138965767-scaled.jpg\" \/>\n\t<meta property=\"og:image:width\" content=\"2560\" \/>\n\t<meta property=\"og:image:height\" content=\"1707\" \/>\n\t<meta property=\"og:image:type\" content=\"image\/jpeg\" \/>\n<meta name=\"author\" content=\"Emily Beyda\" \/>\n<meta name=\"twitter:card\" content=\"summary_large_image\" \/>\n<meta name=\"twitter:creator\" content=\"@bluebeam\" \/>\n<meta name=\"twitter:site\" content=\"@bluebeam\" \/>\n<meta name=\"twitter:label1\" content=\"Skriven av\" \/>\n\t<meta name=\"twitter:data1\" content=\"Emily Beyda\" \/>\n\t<meta name=\"twitter:label2\" content=\"Ber\u00e4knad l\u00e4stid\" \/>\n\t<meta name=\"twitter:data2\" content=\"5 minuter\" \/>\n<script type=\"application\/ld+json\" class=\"yoast-schema-graph\">{\"@context\":\"https:\\\/\\\/schema.org\",\"@graph\":[{\"@type\":\"Article\",\"@id\":\"https:\\\/\\\/blog.bluebeam.com\\\/se\\\/national-association-black-women-construction\\\/#article\",\"isPartOf\":{\"@id\":\"https:\\\/\\\/blog.bluebeam.com\\\/se\\\/national-association-black-women-construction\\\/\"},\"author\":{\"name\":\"Emily Beyda\",\"@id\":\"https:\\\/\\\/blog.bluebeam.com\\\/se\\\/#\\\/schema\\\/person\\\/67810b86ac254a1ace42649ecb84ecc5\"},\"headline\":\"H\u00e4r \u00e4r kvinnorna som jobbar f\u00f6r att \u00f6ka svartas representation i byggbranschen\",\"datePublished\":\"2022-08-10T01:01:51+00:00\",\"dateModified\":\"2022-08-10T15:59:45+00:00\",\"mainEntityOfPage\":{\"@id\":\"https:\\\/\\\/blog.bluebeam.com\\\/se\\\/national-association-black-women-construction\\\/\"},\"wordCount\":1344,\"publisher\":{\"@id\":\"https:\\\/\\\/blog.bluebeam.com\\\/se\\\/#organization\"},\"image\":{\"@id\":\"https:\\\/\\\/blog.bluebeam.com\\\/se\\\/national-association-black-women-construction\\\/#primaryimage\"},\"thumbnailUrl\":\"https:\\\/\\\/blog.bluebeam.com\\\/se\\\/wp-content\\\/uploads\\\/sites\\\/4\\\/2022\\\/07\\\/shutterstock_2138965767-scaled.jpg\",\"keywords\":[\"Kvinnor i byggbranschen\"],\"articleSection\":[\"M\u00e4nniskor\"],\"inLanguage\":\"sv-SE\"},{\"@type\":\"WebPage\",\"@id\":\"https:\\\/\\\/blog.bluebeam.com\\\/se\\\/national-association-black-women-construction\\\/\",\"url\":\"https:\\\/\\\/blog.bluebeam.com\\\/se\\\/national-association-black-women-construction\\\/\",\"name\":\"Hur man \u00f6kar svarta kvinnors representation i byggbranschen | Built\",\"isPartOf\":{\"@id\":\"https:\\\/\\\/blog.bluebeam.com\\\/se\\\/#website\"},\"primaryImageOfPage\":{\"@id\":\"https:\\\/\\\/blog.bluebeam.com\\\/se\\\/national-association-black-women-construction\\\/#primaryimage\"},\"image\":{\"@id\":\"https:\\\/\\\/blog.bluebeam.com\\\/se\\\/national-association-black-women-construction\\\/#primaryimage\"},\"thumbnailUrl\":\"https:\\\/\\\/blog.bluebeam.com\\\/se\\\/wp-content\\\/uploads\\\/sites\\\/4\\\/2022\\\/07\\\/shutterstock_2138965767-scaled.jpg\",\"datePublished\":\"2022-08-10T01:01:51+00:00\",\"dateModified\":\"2022-08-10T15:59:45+00:00\",\"description\":\"National Association of Black Women in Construction vill fr\u00e4mja mentorskap och gemenskap f\u00f6r att \u00f6ka antalet svarta kvinnor i branschen.\",\"breadcrumb\":{\"@id\":\"https:\\\/\\\/blog.bluebeam.com\\\/se\\\/national-association-black-women-construction\\\/#breadcrumb\"},\"inLanguage\":\"sv-SE\",\"potentialAction\":[{\"@type\":\"ReadAction\",\"target\":[\"https:\\\/\\\/blog.bluebeam.com\\\/se\\\/national-association-black-women-construction\\\/\"]}]},{\"@type\":\"ImageObject\",\"inLanguage\":\"sv-SE\",\"@id\":\"https:\\\/\\\/blog.bluebeam.com\\\/se\\\/national-association-black-women-construction\\\/#primaryimage\",\"url\":\"https:\\\/\\\/blog.bluebeam.com\\\/se\\\/wp-content\\\/uploads\\\/sites\\\/4\\\/2022\\\/07\\\/shutterstock_2138965767-scaled.jpg\",\"contentUrl\":\"https:\\\/\\\/blog.bluebeam.com\\\/se\\\/wp-content\\\/uploads\\\/sites\\\/4\\\/2022\\\/07\\\/shutterstock_2138965767-scaled.jpg\",\"width\":2560,\"height\":1707},{\"@type\":\"BreadcrumbList\",\"@id\":\"https:\\\/\\\/blog.bluebeam.com\\\/se\\\/national-association-black-women-construction\\\/#breadcrumb\",\"itemListElement\":[{\"@type\":\"ListItem\",\"position\":1,\"name\":\"Home\",\"item\":\"https:\\\/\\\/blog.bluebeam.com\\\/se\\\/\"},{\"@type\":\"ListItem\",\"position\":2,\"name\":\"H\u00e4r \u00e4r kvinnorna som jobbar f\u00f6r att \u00f6ka svartas representation i byggbranschen\"}]},{\"@type\":\"WebSite\",\"@id\":\"https:\\\/\\\/blog.bluebeam.com\\\/se\\\/#website\",\"url\":\"https:\\\/\\\/blog.bluebeam.com\\\/se\\\/\",\"name\":\"Built | SE\",\"description\":\"The Bluebeam Blog\",\"publisher\":{\"@id\":\"https:\\\/\\\/blog.bluebeam.com\\\/se\\\/#organization\"},\"potentialAction\":[{\"@type\":\"SearchAction\",\"target\":{\"@type\":\"EntryPoint\",\"urlTemplate\":\"https:\\\/\\\/blog.bluebeam.com\\\/se\\\/?s={search_term_string}\"},\"query-input\":{\"@type\":\"PropertyValueSpecification\",\"valueRequired\":true,\"valueName\":\"search_term_string\"}}],\"inLanguage\":\"sv-SE\"},{\"@type\":\"Organization\",\"@id\":\"https:\\\/\\\/blog.bluebeam.com\\\/se\\\/#organization\",\"name\":\"Bluebeam Inc.\",\"url\":\"https:\\\/\\\/blog.bluebeam.com\\\/se\\\/\",\"logo\":{\"@type\":\"ImageObject\",\"inLanguage\":\"sv-SE\",\"@id\":\"https:\\\/\\\/blog.bluebeam.com\\\/se\\\/#\\\/schema\\\/logo\\\/image\\\/\",\"url\":\"https:\\\/\\\/blog.bluebeam.com\\\/se\\\/wp-content\\\/uploads\\\/sites\\\/4\\\/2020\\\/05\\\/bluebeam.png\",\"contentUrl\":\"https:\\\/\\\/blog.bluebeam.com\\\/se\\\/wp-content\\\/uploads\\\/sites\\\/4\\\/2020\\\/05\\\/bluebeam.png\",\"width\":840,\"height\":630,\"caption\":\"Bluebeam Inc.\"},\"image\":{\"@id\":\"https:\\\/\\\/blog.bluebeam.com\\\/se\\\/#\\\/schema\\\/logo\\\/image\\\/\"},\"sameAs\":[\"https:\\\/\\\/www.facebook.com\\\/bluebeamSE\",\"https:\\\/\\\/x.com\\\/bluebeam\",\"https:\\\/\\\/www.instagram.com\\\/bluebeam_nordics\\\/\",\"https:\\\/\\\/www.linkedin.com\\\/showcase\\\/bluebeam-sweden\",\"https:\\\/\\\/youtube.com\\\/bluebeampdfrevu\"]},{\"@type\":\"Person\",\"@id\":\"https:\\\/\\\/blog.bluebeam.com\\\/se\\\/#\\\/schema\\\/person\\\/67810b86ac254a1ace42649ecb84ecc5\",\"name\":\"Emily Beyda\",\"image\":{\"@type\":\"ImageObject\",\"inLanguage\":\"sv-SE\",\"@id\":\"https:\\\/\\\/secure.gravatar.com\\\/avatar\\\/2246838d10a53b73aa645eace9dd02773384a03df5ff0a63c2cbbb9d3698b1bf?s=96&d=mm&r=g\",\"url\":\"https:\\\/\\\/secure.gravatar.com\\\/avatar\\\/2246838d10a53b73aa645eace9dd02773384a03df5ff0a63c2cbbb9d3698b1bf?s=96&d=mm&r=g\",\"contentUrl\":\"https:\\\/\\\/secure.gravatar.com\\\/avatar\\\/2246838d10a53b73aa645eace9dd02773384a03df5ff0a63c2cbbb9d3698b1bf?s=96&d=mm&r=g\",\"caption\":\"Emily Beyda\"}}]}<\/script>\n<!-- \/ Yoast SEO plugin. -->","yoast_head_json":{"title":"Hur man \u00f6kar svarta kvinnors representation i byggbranschen | Built","description":"National Association of Black Women in Construction vill fr\u00e4mja mentorskap och gemenskap f\u00f6r att \u00f6ka antalet svarta kvinnor i branschen.","robots":{"index":"index","follow":"follow","max-snippet":"max-snippet:-1","max-image-preview":"max-image-preview:large","max-video-preview":"max-video-preview:-1"},"canonical":"https:\/\/blog.bluebeam.com\/se\/national-association-black-women-construction\/","og_locale":"sv_SE","og_type":"article","og_title":"Hur man \u00f6kar svarta kvinnors representation i byggbranschen | Built","og_description":"National Association of Black Women in Construction vill fr\u00e4mja mentorskap och gemenskap f\u00f6r att \u00f6ka antalet svarta kvinnor i branschen.","og_url":"https:\/\/blog.bluebeam.com\/se\/national-association-black-women-construction\/","og_site_name":"Built | SE","article_publisher":"https:\/\/www.facebook.com\/bluebeamSE","article_published_time":"2022-08-10T01:01:51+00:00","article_modified_time":"2022-08-10T15:59:45+00:00","og_image":[{"width":2560,"height":1707,"url":"https:\/\/blog.bluebeam.com\/se\/wp-content\/uploads\/sites\/4\/2022\/07\/shutterstock_2138965767-scaled.jpg","type":"image\/jpeg"}],"author":"Emily Beyda","twitter_card":"summary_large_image","twitter_creator":"@bluebeam","twitter_site":"@bluebeam","twitter_misc":{"Skriven av":"Emily Beyda","Ber\u00e4knad l\u00e4stid":"5 minuter"},"schema":{"@context":"https:\/\/schema.org","@graph":[{"@type":"Article","@id":"https:\/\/blog.bluebeam.com\/se\/national-association-black-women-construction\/#article","isPartOf":{"@id":"https:\/\/blog.bluebeam.com\/se\/national-association-black-women-construction\/"},"author":{"name":"Emily Beyda","@id":"https:\/\/blog.bluebeam.com\/se\/#\/schema\/person\/67810b86ac254a1ace42649ecb84ecc5"},"headline":"H\u00e4r \u00e4r kvinnorna som jobbar f\u00f6r att \u00f6ka svartas representation i byggbranschen","datePublished":"2022-08-10T01:01:51+00:00","dateModified":"2022-08-10T15:59:45+00:00","mainEntityOfPage":{"@id":"https:\/\/blog.bluebeam.com\/se\/national-association-black-women-construction\/"},"wordCount":1344,"publisher":{"@id":"https:\/\/blog.bluebeam.com\/se\/#organization"},"image":{"@id":"https:\/\/blog.bluebeam.com\/se\/national-association-black-women-construction\/#primaryimage"},"thumbnailUrl":"https:\/\/blog.bluebeam.com\/se\/wp-content\/uploads\/sites\/4\/2022\/07\/shutterstock_2138965767-scaled.jpg","keywords":["Kvinnor i byggbranschen"],"articleSection":["M\u00e4nniskor"],"inLanguage":"sv-SE"},{"@type":"WebPage","@id":"https:\/\/blog.bluebeam.com\/se\/national-association-black-women-construction\/","url":"https:\/\/blog.bluebeam.com\/se\/national-association-black-women-construction\/","name":"Hur man \u00f6kar svarta kvinnors representation i byggbranschen | Built","isPartOf":{"@id":"https:\/\/blog.bluebeam.com\/se\/#website"},"primaryImageOfPage":{"@id":"https:\/\/blog.bluebeam.com\/se\/national-association-black-women-construction\/#primaryimage"},"image":{"@id":"https:\/\/blog.bluebeam.com\/se\/national-association-black-women-construction\/#primaryimage"},"thumbnailUrl":"https:\/\/blog.bluebeam.com\/se\/wp-content\/uploads\/sites\/4\/2022\/07\/shutterstock_2138965767-scaled.jpg","datePublished":"2022-08-10T01:01:51+00:00","dateModified":"2022-08-10T15:59:45+00:00","description":"National Association of Black Women in Construction vill fr\u00e4mja mentorskap och gemenskap f\u00f6r att \u00f6ka antalet svarta kvinnor i branschen.","breadcrumb":{"@id":"https:\/\/blog.bluebeam.com\/se\/national-association-black-women-construction\/#breadcrumb"},"inLanguage":"sv-SE","potentialAction":[{"@type":"ReadAction","target":["https:\/\/blog.bluebeam.com\/se\/national-association-black-women-construction\/"]}]},{"@type":"ImageObject","inLanguage":"sv-SE","@id":"https:\/\/blog.bluebeam.com\/se\/national-association-black-women-construction\/#primaryimage","url":"https:\/\/blog.bluebeam.com\/se\/wp-content\/uploads\/sites\/4\/2022\/07\/shutterstock_2138965767-scaled.jpg","contentUrl":"https:\/\/blog.bluebeam.com\/se\/wp-content\/uploads\/sites\/4\/2022\/07\/shutterstock_2138965767-scaled.jpg","width":2560,"height":1707},{"@type":"BreadcrumbList","@id":"https:\/\/blog.bluebeam.com\/se\/national-association-black-women-construction\/#breadcrumb","itemListElement":[{"@type":"ListItem","position":1,"name":"Home","item":"https:\/\/blog.bluebeam.com\/se\/"},{"@type":"ListItem","position":2,"name":"H\u00e4r \u00e4r kvinnorna som jobbar f\u00f6r att \u00f6ka svartas representation i byggbranschen"}]},{"@type":"WebSite","@id":"https:\/\/blog.bluebeam.com\/se\/#website","url":"https:\/\/blog.bluebeam.com\/se\/","name":"Built | SE","description":"The Bluebeam Blog","publisher":{"@id":"https:\/\/blog.bluebeam.com\/se\/#organization"},"potentialAction":[{"@type":"SearchAction","target":{"@type":"EntryPoint","urlTemplate":"https:\/\/blog.bluebeam.com\/se\/?s={search_term_string}"},"query-input":{"@type":"PropertyValueSpecification","valueRequired":true,"valueName":"search_term_string"}}],"inLanguage":"sv-SE"},{"@type":"Organization","@id":"https:\/\/blog.bluebeam.com\/se\/#organization","name":"Bluebeam Inc.","url":"https:\/\/blog.bluebeam.com\/se\/","logo":{"@type":"ImageObject","inLanguage":"sv-SE","@id":"https:\/\/blog.bluebeam.com\/se\/#\/schema\/logo\/image\/","url":"https:\/\/blog.bluebeam.com\/se\/wp-content\/uploads\/sites\/4\/2020\/05\/bluebeam.png","contentUrl":"https:\/\/blog.bluebeam.com\/se\/wp-content\/uploads\/sites\/4\/2020\/05\/bluebeam.png","width":840,"height":630,"caption":"Bluebeam Inc."},"image":{"@id":"https:\/\/blog.bluebeam.com\/se\/#\/schema\/logo\/image\/"},"sameAs":["https:\/\/www.facebook.com\/bluebeamSE","https:\/\/x.com\/bluebeam","https:\/\/www.instagram.com\/bluebeam_nordics\/","https:\/\/www.linkedin.com\/showcase\/bluebeam-sweden","https:\/\/youtube.com\/bluebeampdfrevu"]},{"@type":"Person","@id":"https:\/\/blog.bluebeam.com\/se\/#\/schema\/person\/67810b86ac254a1ace42649ecb84ecc5","name":"Emily Beyda","image":{"@type":"ImageObject","inLanguage":"sv-SE","@id":"https:\/\/secure.gravatar.com\/avatar\/2246838d10a53b73aa645eace9dd02773384a03df5ff0a63c2cbbb9d3698b1bf?s=96&d=mm&r=g","url":"https:\/\/secure.gravatar.com\/avatar\/2246838d10a53b73aa645eace9dd02773384a03df5ff0a63c2cbbb9d3698b1bf?s=96&d=mm&r=g","contentUrl":"https:\/\/secure.gravatar.com\/avatar\/2246838d10a53b73aa645eace9dd02773384a03df5ff0a63c2cbbb9d3698b1bf?s=96&d=mm&r=g","caption":"Emily Beyda"}}]}},"featured_image_src":"https:\/\/blog.bluebeam.com\/se\/wp-content\/uploads\/sites\/4\/2022\/07\/shutterstock_2138965767-600x400.jpg","featured_image_src_square":"https:\/\/blog.bluebeam.com\/se\/wp-content\/uploads\/sites\/4\/2022\/07\/shutterstock_2138965767-600x600.jpg","author_info":{"display_name":"Emily Beyda","author_link":"https:\/\/blog.bluebeam.com\/se\/author\/ebeyda\/"},"_links":{"self":[{"href":"https:\/\/blog.bluebeam.com\/se\/wp-json\/wp\/v2\/posts\/80847","targetHints":{"allow":["GET"]}}],"collection":[{"href":"https:\/\/blog.bluebeam.com\/se\/wp-json\/wp\/v2\/posts"}],"about":[{"href":"https:\/\/blog.bluebeam.com\/se\/wp-json\/wp\/v2\/types\/post"}],"author":[{"embeddable":true,"href":"https:\/\/blog.bluebeam.com\/se\/wp-json\/wp\/v2\/users\/595"}],"replies":[{"embeddable":true,"href":"https:\/\/blog.bluebeam.com\/se\/wp-json\/wp\/v2\/comments?post=80847"}],"version-history":[{"count":0,"href":"https:\/\/blog.bluebeam.com\/se\/wp-json\/wp\/v2\/posts\/80847\/revisions"}],"wp:featuredmedia":[{"embeddable":true,"href":"https:\/\/blog.bluebeam.com\/se\/wp-json\/wp\/v2\/media\/80848"}],"wp:attachment":[{"href":"https:\/\/blog.bluebeam.com\/se\/wp-json\/wp\/v2\/media?parent=80847"}],"wp:term":[{"taxonomy":"category","embeddable":true,"href":"https:\/\/blog.bluebeam.com\/se\/wp-json\/wp\/v2\/categories?post=80847"},{"taxonomy":"post_tag","embeddable":true,"href":"https:\/\/blog.bluebeam.com\/se\/wp-json\/wp\/v2\/tags?post=80847"}],"curies":[{"name":"wp","href":"https:\/\/api.w.org\/{rel}","templated":true}]}}