{"id":81544,"date":"2023-11-07T18:38:54","date_gmt":"2023-11-07T17:38:54","guid":{"rendered":"https:\/\/blog.bluebeam.com\/se\/?p=81544"},"modified":"2023-11-08T11:26:13","modified_gmt":"2023-11-08T10:26:13","slug":"bluebeam-ceo-usman-shuja","status":"publish","type":"post","link":"https:\/\/blog.bluebeam.com\/se\/bluebeam-ceo-usman-shuja\/","title":{"rendered":"Fem fr\u00e5gor till Bluebeams nya CEO Usman Shuja"},"content":{"rendered":"\n<p class=\"has-drop-cap\">I september 2023 <a href=\"https:\/\/press.bluebeam.com\/2023\/09\/bluebeam-announces-new-executive-leadership-appointments\/\" target=\"_blank\" rel=\"noreferrer noopener\">presenterade Bluebeam Usman Shuja som sin nya CEO<\/a> \u2013 bara den tredje personen med denna befattning i f\u00f6retagets \u00f6ver 20 \u00e5r l\u00e5nga historia.<\/p>\n\n\n\n<p>Usman kommer till Bluebeam fr\u00e5n ledningsroller p\u00e5 Honeywell och SparkCognition, d\u00e4r han som medgrundare ingick i ett team p\u00e5 tre personer som byggde upp teknologif\u00f6retaget till en ledare inom artificiell intelligens.<\/p>\n\n\n\n<p>L\u00e4ngs v\u00e4gen har Usman \u00e4ven tj\u00e4nstgjort i f\u00f6retagsstyrelser och agerat som r\u00e5dgivare f\u00f6r olika teknologiprojekt. Dessutom har han undervisat p\u00e5 kurser i innovation och entrepren\u00f6rskap p\u00e5 universitetsniv\u00e5.&nbsp;&nbsp;&nbsp;<\/p>\n\n\n\n<p>Built pratade med Usman om hans insikter kring hur teknologi kan forts\u00e4tta att f\u00f6ra byggbranschen fram\u00e5t, och om hans vision f\u00f6r Bluebeam.<\/p>\n\n\n\n<p><strong>Built: Du har haft flera ledande roller inom teknologi i din karri\u00e4r. Vad tycker du \u00e4r inspirerande med att arbeta inom teknologi?<\/strong><\/p>\n\n\n\n<p><strong>Usman Shuja<\/strong>: Under uppv\u00e4xten fick jag intrycket att teknologi och sport var de enda tv\u00e5 s\u00e4tten att bidra till samh\u00e4llet. Jag b\u00f6rjade intressera mig f\u00f6r teknologi och forskning och utveckling ganska tidigt, och hade en fascination f\u00f6r hur vi kan anv\u00e4nda vetenskap f\u00f6r att f\u00f6ra samh\u00e4llet fram\u00e5t. Ett avg\u00f6rande \u00f6gonblick i mitt liv var n\u00e4r jag s\u00e5g <a href=\"https:\/\/www.history.com\/this-day-in-history\/deep-blue-defeats-garry-kasparov-in-chess-match\" target=\"_blank\" rel=\"noreferrer noopener\">IBM Deep Blue sl\u00e5 Garry Kasparov<\/a> i schack \u2013 det minns jag tydligt som en h\u00e4ndelse som p\u00e5verkade mig.<\/p>\n\n\n\n<p><strong>Built: Har du haft n\u00e5gon f\u00f6rebild f\u00f6r din karri\u00e4r och i s\u00e5 fall varf\u00f6r?<\/strong><\/p>\n\n\n\n<p><strong>Usman Shuja<\/strong>: Det finns nog inte bara en person som jag har haft som f\u00f6rebild. Jag har alltid beundrat olika bitar och f\u00f6rm\u00e5gor hos olika typer av ledare. Tidigt i karri\u00e4ren var jag mer fascinerad av, och ben\u00e4gen att f\u00f6lja, teknologer och innovat\u00f6rer. Sedan gick jag mer \u00f6ver till att f\u00f6lja entrepren\u00f6rer.<\/p>\n\n\n\n<p>N\u00e4r jag kom in i ledande befattningar fanns det \u00e4ven vissa ledare som jag s\u00e5g upp till. Grundaren till SparkCognition, <a href=\"https:\/\/www.google.com\/search?q=amir+husain&amp;oq=Amir+Husain&amp;aqs=chrome.0.0i355i512j46i512j0i512l4j69i60l2.256j0j9&amp;sourceid=chrome&amp;ie=UTF-8\" target=\"_blank\" rel=\"noreferrer noopener\">Amir Husain<\/a>, \u00e4r en entrepren\u00f6r som \u00e4r inspirerande f\u00f6r mig. Jag l\u00e4rde mycket av Honeywells CEO:er <a href=\"https:\/\/www.google.com\/search?q=Vimal+Kapur+&amp;sca_esv=572849866&amp;sxsrf=AM9HkKkR_bV6Jm2f3a4Q4_S3rsYWjEbJuQ%3A1697115548915&amp;ei=nO0nZaOsN-Cr5NoPh92B8Ao&amp;ved=0ahUKEwij6r2LyPCBAxXgFVkFHYduAK4Q4dUDCBA&amp;uact=5&amp;oq=Vimal+Kapur+&amp;gs_lp=Egxnd3Mtd2l6LXNlcnAiDFZpbWFsIEthcHVyIDIKEAAYgAQYFBiHAjIFEC4YgAQyBRAAGIAEMgUQABiABDIFEAAYgAQyBRAAGIAEMgUQABiABDIFEAAYgAQyBRAAGIAEMgUQABiABEiJBVDTA1jTA3ADeAGQAQCYAV-gAV-qAQExuAEDyAEA-AEC-AEBwgIKEAAYRxjWBBiwA-IDBBgAIEGIBgGQBgM&amp;sclient=gws-wiz-serp\" target=\"_blank\" rel=\"noreferrer noopener\">Vimal Kapur<\/a> och <a href=\"https:\/\/www.google.com\/search?q=Darius+Adamczyk&amp;sca_esv=572849866&amp;sxsrf=AM9HkKmbBpijye8tfdNGgT2z56vIyK45RQ%3A1697115565570&amp;ei=re0nZdysIrjIptQPg4qqqAk&amp;ved=0ahUKEwict7aTyPCBAxU4pIkEHQOFCpUQ4dUDCBA&amp;uact=5&amp;oq=Darius+Adamczyk&amp;gs_lp=Egxnd3Mtd2l6LXNlcnAiD0Rhcml1cyBBZGFtY3p5azIFEC4YgAQyChAAGIAEGBQYhwIyBRAAGIAEMgUQABiABDIFEAAYgAQyBRAAGIAEMgUQABiABDIFEAAYgAQyBRAAGIAEMgUQABiABDIUEC4YgAQYlwUY3AQY3gQY3wTYAQNI8QRQ9wJY9wJwA3gBkAEAmAFfoAFfqgEBMbgBA8gBAPgBAvgBAcICChAAGEcY1gQYsAPCAgsQABiKBRiSAxiwA8ICChAAGIoFGLADGEPCAg4QABjkAhjWBBiwA9gBAcICGRAuGIoFGMkDGMcBGNEDGMgDGLADGEPYAQLCAhAQLhiKBRjIAxiwAxhD2AEC4gMEGAAgQYgGAZAGE7oGBggBEAEYCboGBggCEAEYCLoGBggDEAEYFA&amp;sclient=gws-wiz-serp\" target=\"_blank\" rel=\"noreferrer noopener\">Darius Adamczyk<\/a> om hur man driver stora, komplexa f\u00f6retag. P\u00e5 det h\u00e4r stadiet i min karri\u00e4r \u00e4r jag s\u00e4rskilt inspirerad av <a href=\"https:\/\/www.google.com\/search?q=Ajay+Banga&amp;sca_esv=572849866&amp;sxsrf=AM9HkKks-ipYGUuU37wV8T81Qw9DkKd4Qw%3A1697115574140&amp;ei=tu0nZcqYCKGhptQP9_ijSA&amp;ved=0ahUKEwjKy8GXyPCBAxWhkIkEHXf8CAkQ4dUDCBA&amp;uact=5&amp;oq=Ajay+Banga&amp;gs_lp=Egxnd3Mtd2l6LXNlcnAiCkFqYXkgQmFuZ2EyBxAjGIoFGCcyDhAuGIMBGLEDGIoFGJECMggQABiKBRiRAjILEAAYigUYsQMYgwEyBRAAGIAEMgUQABiABDIFEAAYgAQyBRAAGIAEMgUQABiABDIFEAAYgAQyHRAuGIMBGLEDGIoFGJECGJcFGNwEGN4EGN8E2AEDSMcEUJIDWJIDcAN4AZABAJgBZKABZKoBAzAuMbgBA8gBAPgBAvgBAcICChAAGEcY1gQYsAPCAgoQABiKBRiwAxhDwgIOEAAY5AIY1gQYsAPYAQHCAhkQLhiKBRjJAxjHARjRAxjIAxiwAxhD2AECwgIWEC4YigUYxwEY0QMYyAMYsAMYQ9gBAsICEBAuGIoFGMgDGLADGEPYAQLiAwQYACBBiAYBkAYTugYGCAEQARgJugYGCAIQARgIugYGCAMQARgU&amp;sclient=gws-wiz-serp\" target=\"_blank\" rel=\"noreferrer noopener\">Ajay Banga<\/a>, som \u00e4r f\u00f6re detta CEO f\u00f6r Mastercard och nu \u00e4r chef f\u00f6r V\u00e4rldsbanken, n\u00e4r det g\u00e4ller hans s\u00e4tt att f\u00f6rh\u00f6ja visionen f\u00f6r och leda Mastercard.<\/p>\n\n\n\n<p>N\u00e4r jag sedan ser till teknologi och innovation inom offentlig politik \u00e4r den avlidne f\u00f6rsvarssekreteraren <a href=\"https:\/\/www.google.com\/search?q=Ash+Carter&amp;sca_esv=574468921&amp;rlz=1C1SLLM_enUS1046US1046&amp;sxsrf=AM9HkKnNYUMcpBtey9QXTGTF6pSf-0JuTQ%3A1697647637615&amp;ei=FQwwZZfuJOikqtsPwtK8iAI&amp;ved=0ahUKEwjXzJKjhoCCAxVokmoFHUIpDyEQ4dUDCBA&amp;uact=5&amp;oq=Ash+Carter&amp;gs_lp=Egxnd3Mtd2l6LXNlcnAiCkFzaCBDYXJ0ZXIyBxAjGIoFGCcyCBAuGIoFGJECMgUQABiABDIFEAAYgAQyBRAAGIAEMgUQABiABDIFEAAYgAQyBRAAGIAEMgUQABiABDIFEAAYgAQyFxAuGIoFGJECGJcFGNwEGN4EGN8E2AEBSMATUABYwgxwAHgBkAEAmAFfoAGzBaoBAjEwuAEDyAEA-AEBwgIREC4YgAQYsQMYgwEYxwEY0QPCAgcQLhiKBRhDwgILEAAYgAQYsQMYgwHCAg4QLhjHARixAxjRAxiABMICCxAuGIAEGLEDGIMBwgIOEC4YigUYsQMYgwEYkQLCAggQABiKBRiRAsICBxAAGIoFGEPCAg0QLhiKBRjHARjRAxhDwgILEC4YigUYsQMYgwHCAhMQLhiKBRixAxiDARjHARjRAxhDwgIOEC4YgAQYsQMYxwEY0QPCAhEQLhiABBixAxjJAxjHARjRA8ICDRAuGIMBGLEDGIoFGEPCAg0QLhiKBRixAxiDARhDwgINEAAYigUYsQMYgwEYQ8ICCBAuGIAEGLEDwgILEAAYigUYsQMYgwHCAggQABiABBixA8ICCxAuGIAEGMcBGK8BwgIFEC4YgATCAg4QLhivARjHARixAxiABMICBxAuGIAEGAriAwQYACBBiAYBugYGCAEQARgU&amp;sclient=gws-wiz-serp\" target=\"_blank\" rel=\"noreferrer noopener\">Ash Carter<\/a>, <a href=\"https:\/\/www.google.com\/search?q=John+Holdren+&amp;sca_esv=572849866&amp;sxsrf=AM9HkKnKehdtwU9vLikCGs7FvU-Az_BzrQ%3A1697115595168&amp;ei=y-0nZYjkCbC9ptQPi7KGuAc&amp;ved=0ahUKEwjI9cShyPCBAxWwnokEHQuZAXcQ4dUDCBA&amp;uact=5&amp;oq=John+Holdren+&amp;gs_lp=Egxnd3Mtd2l6LXNlcnAiDUpvaG4gSG9sZHJlbiAyBRAAGIAEMgUQLhiABDIFEAAYgAQyBRAAGIAEMgUQABiABDIGEAAYFhgeMgYQABgWGB4yBhAAGBYYHjIGEAAYFhgeMgYQABgWGB5IyQRQzgNYzgNwA3gBkAEAmAFioAFiqgEBMbgBA8gBAPgBAvgBAcICChAAGEcY1gQYsAPCAgoQLhiKBRiwAxhDwgIKEAAYigUYsAMYQ8ICDhAAGOQCGNYEGLAD2AEBwgIQEC4YigUYyAMYsAMYQ9gBAuIDBBgAIEGIBgGQBhK6BgYIARABGAm6BgYIAhABGAg&amp;sclient=gws-wiz-serp\" target=\"_blank\" rel=\"noreferrer noopener\">John Holdren<\/a> och <a href=\"https:\/\/www.google.com\/search?q=lawrence+summers&amp;rlz=1C1SLLM_enUS1046US1046&amp;oq=Lawrence+Summers&amp;gs_lcrp=EgZjaHJvbWUqEAgAEAAYgwEY4wIYsQMYgAQyEAgAEAAYgwEY4wIYsQMYgAQyDQgBEC4YgwEYsQMYgAQyBwgCEAAYgAQyBwgDEAAYgAQyBwgEEAAYgAQyBwgFEAAYgAQyBwgGEAAYgAQyBggHEEUYPNIBCDE1MDdqMGo3qAIAsAIA&amp;sourceid=chrome&amp;ie=UTF-8\" target=\"_blank\" rel=\"noreferrer noopener\">Larry Summers<\/a> exempel p\u00e5 personer som har drivit den ekonomiska utvecklingen och hj\u00e4lpt till att uppr\u00e4tth\u00e5lla USA:s dominans inom teknologi.<\/p>\n\n\n\n<figure class=\"wp-block-image size-full is-resized\"><img decoding=\"async\" src=\"https:\/\/blog.bluebeam.com\/wp-content\/uploads\/2023\/10\/usman-ut.jpg\" alt=\"\" class=\"wp-image-86181\" style=\"width:750px\" width=\"750\" \/><figcaption class=\"wp-element-caption\">Usman och hans familj p\u00e5 en fotbollsmatch vid University of Texas i Austin, d\u00e4r Usman tog sin examen.<\/figcaption><\/figure>\n\n\n\n<p><strong>Built: Vad g\u00f6r du n\u00e4r du inte jobbar?<\/strong><\/p>\n\n\n\n<p><strong>Usman Shuja<\/strong>: Jag gillar att vara aktiv utomhus och tillbringa tid med min familj. Jag har tv\u00e5 sm\u00e5 barn och gillar att \u00e4gna mig \u00e5t idrott och andra aktiviteter tillsammans med dem. Sj\u00e4lv idrottar jag inte s\u00e5 mycket l\u00e4ngre, men jag f\u00f6rs\u00f6ker att tr\u00e4na eller anm\u00e4la mig till ett triathlon d\u00e5 och d\u00e5.<\/p>\n\n\n<div class=\"wp-block-image\">\n<figure class=\"alignleft size-large is-resized\"><img decoding=\"async\" src=\"https:\/\/blog.bluebeam.com\/wp-content\/uploads\/2023\/10\/usman-bike.jpg\" alt=\"\" style=\"width:370px\" width=\"370\" \/><figcaption class=\"wp-element-caption\">N\u00e4r han inte jobbar \u00e4gnar sig Usman g\u00e4rna \u00e5t friluftsaktiviteter, till exempel att delta i triathlon. <\/figcaption><\/figure>\n<\/div>\n\n\n<p><strong>Built: Vilket \u00e4r ditt f\u00f6rsta intryck av byggbranschen och hur teknologi kan g\u00f6ra skillnad?<\/strong><\/p>\n\n\n\n<p><strong>Usman Shuja<\/strong>: Ett av sk\u00e4len till att jag ville in i byggbranschen \u00e4r att den \u00e4r s\u00e5 mogen f\u00f6r att utvecklas, och det var en av de aspekter som jag letade efter \u2013 r\u00e4tt bransch vid r\u00e4tt tidpunkt.<\/p>\n\n\n\n<p>Om man ser till h\u00e4ndelser och trender p\u00e5 makroniv\u00e5 inom bygg och fastighets\u00e4gare \u2013 till exempel inflation, h\u00f6ga r\u00e4ntor, brist p\u00e5 kvalificerad arbetskraft och press fr\u00e5n investerarna p\u00e5 att arbeta mer h\u00e5llbart men samtidigt l\u00f6nsamt \u2013 \u00e4r det tydligt att branschen m\u00e5ste utvecklas. P\u00e5 grund av det \u00e4r det nu r\u00e4tt tid att digitalisera, f\u00f6r att bli mer effektiv och h\u00e5llbar. Det tyckte jag var v\u00e4ldigt sp\u00e4nnande n\u00e4r jag stod p\u00e5 utsidan och tittade in, och nu n\u00e4r jag har f\u00f6rdjupat mig i branschen i min nya roll upplever jag m\u00f6jligheterna som \u00e4nnu mer sp\u00e4nnande.&nbsp;<\/p>\n\n\n\n<p><strong>Built: Vilket budskap skulle du vilja framf\u00f6ra till de Bluebeam-kunder som nyss har f\u00e5tt h\u00f6ra talas om dig och din vision f\u00f6r f\u00f6retaget fram\u00f6ver?<\/strong><\/p>\n\n\n\n<p><strong>Usman Shuja<\/strong>: F\u00f6rst vill jag personligen tacka alla Bluebeams kunder. Det g\u00e5r inte att bygga ett f\u00f6retag utan kunder och samarbetspartners. Jag vill att de ska veta tv\u00e5 saker.<\/p>\n\n\n\n<p>F\u00f6r det f\u00f6rsta att jag kommer att fokusera mycket p\u00e5 innovation, och mer specifikt p\u00e5 kundfokuserad innovation. Det betyder att vi kommer att samarbeta med v\u00e5ra kanalpartners, kunder, experter och branschorganisationer f\u00f6r att skapa l\u00f6sningar som f\u00f6r branschen fram\u00e5t. Jag vill g\u00e4rna att kunderna tar kontakt med mig och med Bluebeam f\u00f6r att innovera och brainstorma id\u00e9er tillsammans.<\/p>\n\n\n\n<figure class=\"wp-block-image size-full is-resized\"><img decoding=\"async\" src=\"https:\/\/blog.bluebeam.com\/wp-content\/uploads\/2023\/10\/usman-don.jpg\" alt=\"Usman tog sig tid att bes\u00f6ka kundernas byggarbetsplatser tillsammans med Bluebeams Chief Innovation Officer Don Jacob.\" class=\"wp-image-86197\" style=\"width:750px\" width=\"750\" \/><figcaption class=\"wp-element-caption\">Usman tog sig tid att bes\u00f6ka kundernas byggarbetsplatser tillsammans med Bluebeams Chief Innovation Officer Don Jacob.<\/figcaption><\/figure>\n\n\n\n<p>F\u00f6r det andra att vi vill fokusera p\u00e5 att serva v\u00e5ra kunder b\u00e4ttre. Om de har feedback om hur vi l\u00f6ser problem f\u00f6r dem \u2013 genom innovation eller p\u00e5 andra s\u00e4tt \u2013 vill jag g\u00e4rna h\u00f6ra den. Om det finns id\u00e9er och en \u00f6ppenhet inf\u00f6r att samarbeta med Bluebeam s\u00e5 \u00e4r vi redo f\u00f6r det.<\/p>\n\n\n\n<div style=\"text-align:center\" class=\"wp-block-atomic-blocks-ab-cta ab-block-cta\"><div class=\"ab-cta-content\"><h2 class=\"ab-cta-title ab-font-size-32\" style=\"color:#32373c\"><strong>F\u00f6lj Usman p\u00e5 LinkedIn f\u00f6r att f\u00e5 h\u00f6ra fler av hans branschinsikter.<\/strong><\/h2><div class=\"ab-cta-text ab-font-size-32\" style=\"color:#32373c\"><\/div><\/div><div class=\"ab-cta-button\"><a href=\"https:\/\/www.linkedin.com\/in\/usmanshuja\/\" target=\"_blank\" rel=\"noopener noreferrer\" class=\"ab-button ab-button-shape-rounded ab-button-size-medium\" style=\"color:#ffffff;background-color:#3373dc\">F\u00d6LJ H\u00c4R<\/a><\/div><\/div>\n","protected":false},"excerpt":{"rendered":"<p>Built har tr\u00e4ffat Bluebeams nya CEO f\u00f6r att prata om hans fascination f\u00f6r teknologi och hur han tror att den kan forts\u00e4tta att f\u00f6ra byggbranschen fram\u00e5t<\/p>\n","protected":false},"author":605,"featured_media":81545,"comment_status":"closed","ping_status":"closed","sticky":false,"template":"","format":"standard","meta":{"footnotes":""},"categories":[16712],"tags":[16927,16978,16716],"class_list":["post-81544","post","type-post","status-publish","format-standard","has-post-thumbnail","hentry","category-people","tag-infora-teknologi","tag-ledningsprofiler","tag-technology","category-16712","description-off"],"yoast_head":"<!-- This site is optimized with the Yoast SEO plugin v27.5 - https:\/\/yoast.com\/product\/yoast-seo-wordpress\/ -->\n<title>Fem fr\u00e5gor till Bluebeams nya CEO Usman Shuja<\/title>\n<meta name=\"description\" content=\"Built har tr\u00e4ffat Bluebeams nya CEO f\u00f6r att prata om hans fascination f\u00f6r teknologi och hur han tror att den kan forts\u00e4tta att f\u00f6ra byggbranschen fram\u00e5t.\" \/>\n<meta name=\"robots\" content=\"index, follow, max-snippet:-1, max-image-preview:large, max-video-preview:-1\" \/>\n<link rel=\"canonical\" href=\"https:\/\/blog.bluebeam.com\/se\/bluebeam-ceo-usman-shuja\/\" \/>\n<meta property=\"og:locale\" content=\"sv_SE\" \/>\n<meta property=\"og:type\" content=\"article\" \/>\n<meta property=\"og:title\" content=\"Fem fr\u00e5gor till Bluebeams nya CEO Usman Shuja\" \/>\n<meta property=\"og:description\" content=\"Built har tr\u00e4ffat Bluebeams nya CEO f\u00f6r att prata om hans fascination f\u00f6r teknologi och hur han tror att den kan forts\u00e4tta att f\u00f6ra byggbranschen fram\u00e5t.\" \/>\n<meta property=\"og:url\" content=\"https:\/\/blog.bluebeam.com\/se\/bluebeam-ceo-usman-shuja\/\" \/>\n<meta property=\"og:site_name\" content=\"Built | SE\" \/>\n<meta property=\"article:publisher\" content=\"https:\/\/www.facebook.com\/bluebeamSE\" \/>\n<meta property=\"article:published_time\" content=\"2023-11-07T17:38:54+00:00\" \/>\n<meta property=\"article:modified_time\" content=\"2023-11-08T10:26:13+00:00\" \/>\n<meta property=\"og:image\" content=\"https:\/\/blog.bluebeam.com\/se\/wp-content\/uploads\/sites\/4\/2023\/11\/blog_CEO-QA_feature-900x600-1.png\" \/>\n\t<meta property=\"og:image:width\" content=\"900\" \/>\n\t<meta property=\"og:image:height\" content=\"600\" \/>\n\t<meta property=\"og:image:type\" content=\"image\/png\" \/>\n<meta name=\"author\" content=\"Frank Kalman\" \/>\n<meta name=\"twitter:card\" content=\"summary_large_image\" \/>\n<meta name=\"twitter:creator\" content=\"@bluebeam\" \/>\n<meta name=\"twitter:site\" content=\"@bluebeam\" \/>\n<meta name=\"twitter:label1\" content=\"Skriven av\" \/>\n\t<meta name=\"twitter:data1\" content=\"Frank Kalman\" \/>\n\t<meta name=\"twitter:label2\" content=\"Ber\u00e4knad l\u00e4stid\" \/>\n\t<meta name=\"twitter:data2\" content=\"5 minuter\" \/>\n<script type=\"application\/ld+json\" class=\"yoast-schema-graph\">{\"@context\":\"https:\\\/\\\/schema.org\",\"@graph\":[{\"@type\":\"Article\",\"@id\":\"https:\\\/\\\/blog.bluebeam.com\\\/se\\\/bluebeam-ceo-usman-shuja\\\/#article\",\"isPartOf\":{\"@id\":\"https:\\\/\\\/blog.bluebeam.com\\\/se\\\/bluebeam-ceo-usman-shuja\\\/\"},\"author\":{\"name\":\"Frank Kalman\",\"@id\":\"https:\\\/\\\/blog.bluebeam.com\\\/se\\\/#\\\/schema\\\/person\\\/9d4c3906dc90c112428cfaa63db9d1f5\"},\"headline\":\"Fem fr\u00e5gor till Bluebeams nya CEO Usman Shuja\",\"datePublished\":\"2023-11-07T17:38:54+00:00\",\"dateModified\":\"2023-11-08T10:26:13+00:00\",\"mainEntityOfPage\":{\"@id\":\"https:\\\/\\\/blog.bluebeam.com\\\/se\\\/bluebeam-ceo-usman-shuja\\\/\"},\"wordCount\":983,\"publisher\":{\"@id\":\"https:\\\/\\\/blog.bluebeam.com\\\/se\\\/#organization\"},\"image\":{\"@id\":\"https:\\\/\\\/blog.bluebeam.com\\\/se\\\/bluebeam-ceo-usman-shuja\\\/#primaryimage\"},\"thumbnailUrl\":\"https:\\\/\\\/blog.bluebeam.com\\\/se\\\/wp-content\\\/uploads\\\/sites\\\/4\\\/2023\\\/11\\\/blog_CEO-QA_feature-900x600-1.png\",\"keywords\":[\"Inf\u00f6ra teknologi\",\"Ledningsprofiler\",\"Teknologi\"],\"articleSection\":[\"M\u00e4nniskor\"],\"inLanguage\":\"sv-SE\"},{\"@type\":\"WebPage\",\"@id\":\"https:\\\/\\\/blog.bluebeam.com\\\/se\\\/bluebeam-ceo-usman-shuja\\\/\",\"url\":\"https:\\\/\\\/blog.bluebeam.com\\\/se\\\/bluebeam-ceo-usman-shuja\\\/\",\"name\":\"Fem fr\u00e5gor till Bluebeams nya CEO Usman Shuja\",\"isPartOf\":{\"@id\":\"https:\\\/\\\/blog.bluebeam.com\\\/se\\\/#website\"},\"primaryImageOfPage\":{\"@id\":\"https:\\\/\\\/blog.bluebeam.com\\\/se\\\/bluebeam-ceo-usman-shuja\\\/#primaryimage\"},\"image\":{\"@id\":\"https:\\\/\\\/blog.bluebeam.com\\\/se\\\/bluebeam-ceo-usman-shuja\\\/#primaryimage\"},\"thumbnailUrl\":\"https:\\\/\\\/blog.bluebeam.com\\\/se\\\/wp-content\\\/uploads\\\/sites\\\/4\\\/2023\\\/11\\\/blog_CEO-QA_feature-900x600-1.png\",\"datePublished\":\"2023-11-07T17:38:54+00:00\",\"dateModified\":\"2023-11-08T10:26:13+00:00\",\"description\":\"Built har tr\u00e4ffat Bluebeams nya CEO f\u00f6r att prata om hans fascination f\u00f6r teknologi och hur han tror att den kan forts\u00e4tta att f\u00f6ra byggbranschen fram\u00e5t.\",\"breadcrumb\":{\"@id\":\"https:\\\/\\\/blog.bluebeam.com\\\/se\\\/bluebeam-ceo-usman-shuja\\\/#breadcrumb\"},\"inLanguage\":\"sv-SE\",\"potentialAction\":[{\"@type\":\"ReadAction\",\"target\":[\"https:\\\/\\\/blog.bluebeam.com\\\/se\\\/bluebeam-ceo-usman-shuja\\\/\"]}]},{\"@type\":\"ImageObject\",\"inLanguage\":\"sv-SE\",\"@id\":\"https:\\\/\\\/blog.bluebeam.com\\\/se\\\/bluebeam-ceo-usman-shuja\\\/#primaryimage\",\"url\":\"https:\\\/\\\/blog.bluebeam.com\\\/se\\\/wp-content\\\/uploads\\\/sites\\\/4\\\/2023\\\/11\\\/blog_CEO-QA_feature-900x600-1.png\",\"contentUrl\":\"https:\\\/\\\/blog.bluebeam.com\\\/se\\\/wp-content\\\/uploads\\\/sites\\\/4\\\/2023\\\/11\\\/blog_CEO-QA_feature-900x600-1.png\",\"width\":900,\"height\":600},{\"@type\":\"BreadcrumbList\",\"@id\":\"https:\\\/\\\/blog.bluebeam.com\\\/se\\\/bluebeam-ceo-usman-shuja\\\/#breadcrumb\",\"itemListElement\":[{\"@type\":\"ListItem\",\"position\":1,\"name\":\"Home\",\"item\":\"https:\\\/\\\/blog.bluebeam.com\\\/se\\\/\"},{\"@type\":\"ListItem\",\"position\":2,\"name\":\"Fem fr\u00e5gor till Bluebeams nya CEO Usman Shuja\"}]},{\"@type\":\"WebSite\",\"@id\":\"https:\\\/\\\/blog.bluebeam.com\\\/se\\\/#website\",\"url\":\"https:\\\/\\\/blog.bluebeam.com\\\/se\\\/\",\"name\":\"Built | SE\",\"description\":\"The Bluebeam Blog\",\"publisher\":{\"@id\":\"https:\\\/\\\/blog.bluebeam.com\\\/se\\\/#organization\"},\"potentialAction\":[{\"@type\":\"SearchAction\",\"target\":{\"@type\":\"EntryPoint\",\"urlTemplate\":\"https:\\\/\\\/blog.bluebeam.com\\\/se\\\/?s={search_term_string}\"},\"query-input\":{\"@type\":\"PropertyValueSpecification\",\"valueRequired\":true,\"valueName\":\"search_term_string\"}}],\"inLanguage\":\"sv-SE\"},{\"@type\":\"Organization\",\"@id\":\"https:\\\/\\\/blog.bluebeam.com\\\/se\\\/#organization\",\"name\":\"Bluebeam Inc.\",\"url\":\"https:\\\/\\\/blog.bluebeam.com\\\/se\\\/\",\"logo\":{\"@type\":\"ImageObject\",\"inLanguage\":\"sv-SE\",\"@id\":\"https:\\\/\\\/blog.bluebeam.com\\\/se\\\/#\\\/schema\\\/logo\\\/image\\\/\",\"url\":\"https:\\\/\\\/blog.bluebeam.com\\\/se\\\/wp-content\\\/uploads\\\/sites\\\/4\\\/2020\\\/05\\\/bluebeam.png\",\"contentUrl\":\"https:\\\/\\\/blog.bluebeam.com\\\/se\\\/wp-content\\\/uploads\\\/sites\\\/4\\\/2020\\\/05\\\/bluebeam.png\",\"width\":840,\"height\":630,\"caption\":\"Bluebeam Inc.\"},\"image\":{\"@id\":\"https:\\\/\\\/blog.bluebeam.com\\\/se\\\/#\\\/schema\\\/logo\\\/image\\\/\"},\"sameAs\":[\"https:\\\/\\\/www.facebook.com\\\/bluebeamSE\",\"https:\\\/\\\/x.com\\\/bluebeam\",\"https:\\\/\\\/www.instagram.com\\\/bluebeam_nordics\\\/\",\"https:\\\/\\\/www.linkedin.com\\\/showcase\\\/bluebeam-sweden\",\"https:\\\/\\\/youtube.com\\\/bluebeampdfrevu\"]},{\"@type\":\"Person\",\"@id\":\"https:\\\/\\\/blog.bluebeam.com\\\/se\\\/#\\\/schema\\\/person\\\/9d4c3906dc90c112428cfaa63db9d1f5\",\"name\":\"Frank Kalman\",\"image\":{\"@type\":\"ImageObject\",\"inLanguage\":\"sv-SE\",\"@id\":\"https:\\\/\\\/secure.gravatar.com\\\/avatar\\\/9ec71058f1e8dd24edfc7c319b928579669acb40f375fffb3fba6bfb49a3d328?s=96&d=mm&r=g\",\"url\":\"https:\\\/\\\/secure.gravatar.com\\\/avatar\\\/9ec71058f1e8dd24edfc7c319b928579669acb40f375fffb3fba6bfb49a3d328?s=96&d=mm&r=g\",\"contentUrl\":\"https:\\\/\\\/secure.gravatar.com\\\/avatar\\\/9ec71058f1e8dd24edfc7c319b928579669acb40f375fffb3fba6bfb49a3d328?s=96&d=mm&r=g\",\"caption\":\"Frank Kalman\"}}]}<\/script>\n<!-- \/ Yoast SEO plugin. -->","yoast_head_json":{"title":"Fem fr\u00e5gor till Bluebeams nya CEO Usman Shuja","description":"Built har tr\u00e4ffat Bluebeams nya CEO f\u00f6r att prata om hans fascination f\u00f6r teknologi och hur han tror att den kan forts\u00e4tta att f\u00f6ra byggbranschen fram\u00e5t.","robots":{"index":"index","follow":"follow","max-snippet":"max-snippet:-1","max-image-preview":"max-image-preview:large","max-video-preview":"max-video-preview:-1"},"canonical":"https:\/\/blog.bluebeam.com\/se\/bluebeam-ceo-usman-shuja\/","og_locale":"sv_SE","og_type":"article","og_title":"Fem fr\u00e5gor till Bluebeams nya CEO Usman Shuja","og_description":"Built har tr\u00e4ffat Bluebeams nya CEO f\u00f6r att prata om hans fascination f\u00f6r teknologi och hur han tror att den kan forts\u00e4tta att f\u00f6ra byggbranschen fram\u00e5t.","og_url":"https:\/\/blog.bluebeam.com\/se\/bluebeam-ceo-usman-shuja\/","og_site_name":"Built | SE","article_publisher":"https:\/\/www.facebook.com\/bluebeamSE","article_published_time":"2023-11-07T17:38:54+00:00","article_modified_time":"2023-11-08T10:26:13+00:00","og_image":[{"width":900,"height":600,"url":"https:\/\/blog.bluebeam.com\/se\/wp-content\/uploads\/sites\/4\/2023\/11\/blog_CEO-QA_feature-900x600-1.png","type":"image\/png"}],"author":"Frank Kalman","twitter_card":"summary_large_image","twitter_creator":"@bluebeam","twitter_site":"@bluebeam","twitter_misc":{"Skriven av":"Frank Kalman","Ber\u00e4knad l\u00e4stid":"5 minuter"},"schema":{"@context":"https:\/\/schema.org","@graph":[{"@type":"Article","@id":"https:\/\/blog.bluebeam.com\/se\/bluebeam-ceo-usman-shuja\/#article","isPartOf":{"@id":"https:\/\/blog.bluebeam.com\/se\/bluebeam-ceo-usman-shuja\/"},"author":{"name":"Frank Kalman","@id":"https:\/\/blog.bluebeam.com\/se\/#\/schema\/person\/9d4c3906dc90c112428cfaa63db9d1f5"},"headline":"Fem fr\u00e5gor till Bluebeams nya CEO Usman Shuja","datePublished":"2023-11-07T17:38:54+00:00","dateModified":"2023-11-08T10:26:13+00:00","mainEntityOfPage":{"@id":"https:\/\/blog.bluebeam.com\/se\/bluebeam-ceo-usman-shuja\/"},"wordCount":983,"publisher":{"@id":"https:\/\/blog.bluebeam.com\/se\/#organization"},"image":{"@id":"https:\/\/blog.bluebeam.com\/se\/bluebeam-ceo-usman-shuja\/#primaryimage"},"thumbnailUrl":"https:\/\/blog.bluebeam.com\/se\/wp-content\/uploads\/sites\/4\/2023\/11\/blog_CEO-QA_feature-900x600-1.png","keywords":["Inf\u00f6ra teknologi","Ledningsprofiler","Teknologi"],"articleSection":["M\u00e4nniskor"],"inLanguage":"sv-SE"},{"@type":"WebPage","@id":"https:\/\/blog.bluebeam.com\/se\/bluebeam-ceo-usman-shuja\/","url":"https:\/\/blog.bluebeam.com\/se\/bluebeam-ceo-usman-shuja\/","name":"Fem fr\u00e5gor till Bluebeams nya CEO Usman Shuja","isPartOf":{"@id":"https:\/\/blog.bluebeam.com\/se\/#website"},"primaryImageOfPage":{"@id":"https:\/\/blog.bluebeam.com\/se\/bluebeam-ceo-usman-shuja\/#primaryimage"},"image":{"@id":"https:\/\/blog.bluebeam.com\/se\/bluebeam-ceo-usman-shuja\/#primaryimage"},"thumbnailUrl":"https:\/\/blog.bluebeam.com\/se\/wp-content\/uploads\/sites\/4\/2023\/11\/blog_CEO-QA_feature-900x600-1.png","datePublished":"2023-11-07T17:38:54+00:00","dateModified":"2023-11-08T10:26:13+00:00","description":"Built har tr\u00e4ffat Bluebeams nya CEO f\u00f6r att prata om hans fascination f\u00f6r teknologi och hur han tror att den kan forts\u00e4tta att f\u00f6ra byggbranschen fram\u00e5t.","breadcrumb":{"@id":"https:\/\/blog.bluebeam.com\/se\/bluebeam-ceo-usman-shuja\/#breadcrumb"},"inLanguage":"sv-SE","potentialAction":[{"@type":"ReadAction","target":["https:\/\/blog.bluebeam.com\/se\/bluebeam-ceo-usman-shuja\/"]}]},{"@type":"ImageObject","inLanguage":"sv-SE","@id":"https:\/\/blog.bluebeam.com\/se\/bluebeam-ceo-usman-shuja\/#primaryimage","url":"https:\/\/blog.bluebeam.com\/se\/wp-content\/uploads\/sites\/4\/2023\/11\/blog_CEO-QA_feature-900x600-1.png","contentUrl":"https:\/\/blog.bluebeam.com\/se\/wp-content\/uploads\/sites\/4\/2023\/11\/blog_CEO-QA_feature-900x600-1.png","width":900,"height":600},{"@type":"BreadcrumbList","@id":"https:\/\/blog.bluebeam.com\/se\/bluebeam-ceo-usman-shuja\/#breadcrumb","itemListElement":[{"@type":"ListItem","position":1,"name":"Home","item":"https:\/\/blog.bluebeam.com\/se\/"},{"@type":"ListItem","position":2,"name":"Fem fr\u00e5gor till Bluebeams nya CEO Usman Shuja"}]},{"@type":"WebSite","@id":"https:\/\/blog.bluebeam.com\/se\/#website","url":"https:\/\/blog.bluebeam.com\/se\/","name":"Built | SE","description":"The Bluebeam Blog","publisher":{"@id":"https:\/\/blog.bluebeam.com\/se\/#organization"},"potentialAction":[{"@type":"SearchAction","target":{"@type":"EntryPoint","urlTemplate":"https:\/\/blog.bluebeam.com\/se\/?s={search_term_string}"},"query-input":{"@type":"PropertyValueSpecification","valueRequired":true,"valueName":"search_term_string"}}],"inLanguage":"sv-SE"},{"@type":"Organization","@id":"https:\/\/blog.bluebeam.com\/se\/#organization","name":"Bluebeam Inc.","url":"https:\/\/blog.bluebeam.com\/se\/","logo":{"@type":"ImageObject","inLanguage":"sv-SE","@id":"https:\/\/blog.bluebeam.com\/se\/#\/schema\/logo\/image\/","url":"https:\/\/blog.bluebeam.com\/se\/wp-content\/uploads\/sites\/4\/2020\/05\/bluebeam.png","contentUrl":"https:\/\/blog.bluebeam.com\/se\/wp-content\/uploads\/sites\/4\/2020\/05\/bluebeam.png","width":840,"height":630,"caption":"Bluebeam Inc."},"image":{"@id":"https:\/\/blog.bluebeam.com\/se\/#\/schema\/logo\/image\/"},"sameAs":["https:\/\/www.facebook.com\/bluebeamSE","https:\/\/x.com\/bluebeam","https:\/\/www.instagram.com\/bluebeam_nordics\/","https:\/\/www.linkedin.com\/showcase\/bluebeam-sweden","https:\/\/youtube.com\/bluebeampdfrevu"]},{"@type":"Person","@id":"https:\/\/blog.bluebeam.com\/se\/#\/schema\/person\/9d4c3906dc90c112428cfaa63db9d1f5","name":"Frank Kalman","image":{"@type":"ImageObject","inLanguage":"sv-SE","@id":"https:\/\/secure.gravatar.com\/avatar\/9ec71058f1e8dd24edfc7c319b928579669acb40f375fffb3fba6bfb49a3d328?s=96&d=mm&r=g","url":"https:\/\/secure.gravatar.com\/avatar\/9ec71058f1e8dd24edfc7c319b928579669acb40f375fffb3fba6bfb49a3d328?s=96&d=mm&r=g","contentUrl":"https:\/\/secure.gravatar.com\/avatar\/9ec71058f1e8dd24edfc7c319b928579669acb40f375fffb3fba6bfb49a3d328?s=96&d=mm&r=g","caption":"Frank Kalman"}}]}},"featured_image_src":"https:\/\/blog.bluebeam.com\/se\/wp-content\/uploads\/sites\/4\/2023\/11\/blog_CEO-QA_feature-900x600-1-600x400.png","featured_image_src_square":"https:\/\/blog.bluebeam.com\/se\/wp-content\/uploads\/sites\/4\/2023\/11\/blog_CEO-QA_feature-900x600-1-600x600.png","author_info":{"display_name":"Frank Kalman","author_link":"https:\/\/blog.bluebeam.com\/se\/author\/kalman\/"},"_links":{"self":[{"href":"https:\/\/blog.bluebeam.com\/se\/wp-json\/wp\/v2\/posts\/81544","targetHints":{"allow":["GET"]}}],"collection":[{"href":"https:\/\/blog.bluebeam.com\/se\/wp-json\/wp\/v2\/posts"}],"about":[{"href":"https:\/\/blog.bluebeam.com\/se\/wp-json\/wp\/v2\/types\/post"}],"author":[{"embeddable":true,"href":"https:\/\/blog.bluebeam.com\/se\/wp-json\/wp\/v2\/users\/605"}],"replies":[{"embeddable":true,"href":"https:\/\/blog.bluebeam.com\/se\/wp-json\/wp\/v2\/comments?post=81544"}],"version-history":[{"count":0,"href":"https:\/\/blog.bluebeam.com\/se\/wp-json\/wp\/v2\/posts\/81544\/revisions"}],"wp:featuredmedia":[{"embeddable":true,"href":"https:\/\/blog.bluebeam.com\/se\/wp-json\/wp\/v2\/media\/81545"}],"wp:attachment":[{"href":"https:\/\/blog.bluebeam.com\/se\/wp-json\/wp\/v2\/media?parent=81544"}],"wp:term":[{"taxonomy":"category","embeddable":true,"href":"https:\/\/blog.bluebeam.com\/se\/wp-json\/wp\/v2\/categories?post=81544"},{"taxonomy":"post_tag","embeddable":true,"href":"https:\/\/blog.bluebeam.com\/se\/wp-json\/wp\/v2\/tags?post=81544"}],"curies":[{"name":"wp","href":"https:\/\/api.w.org\/{rel}","templated":true}]}}